{"id":2950,"date":"2020-03-31T23:11:11","date_gmt":"2020-03-31T21:11:11","guid":{"rendered":"https:\/\/www.sitercl.com\/News\/?p=2950"},"modified":"2020-04-01T22:22:06","modified_gmt":"2020-04-01T20:22:06","slug":"une-demande-de-derogation-de-la-lfp","status":"publish","type":"post","link":"https:\/\/www.sitercl.com\/News\/?p=2950","title":{"rendered":"Une demande de d\u00e9rogation de la LFP ?"},"content":{"rendered":"\n<div class=\"wp-block-image\"><figure class=\"alignright size-large\"><img decoding=\"async\" src=\"https:\/\/www.sitercl.com\/Clubs\/France\/parisfc.gif\" alt=\"\"\/><\/figure><\/div>\n\n\n\n<p>Dans une interview pour <em>FranceTV Sport<\/em>, le pr\u00e9sident du Paris FC, Pierre Ferracci, est plut\u00f4t remont\u00e9 contre la Ligue de football professionnel. Il estime en effet que la LFP ne va pas assez vite pour prendre des d\u00e9cisions dans cette p\u00e9riode tumultueuse et incertaine. Mais surtout, il regrette ce qui s&rsquo;est pass\u00e9 lors du dernier bureau o\u00f9 on \u00ab\u00a0<em>a \u00e9voqu\u00e9 de demander des d\u00e9rogations au Minist\u00e8re pour ne pas aller jusqu&rsquo;au bout du confinement. On va se ridiculiser aupr\u00e8s de la population, le footballeur qui d\u00e9rogerait \u00e0 la r\u00e8gle et s&rsquo;entra\u00eenerait d\u00e8s avril. On n&rsquo;est pas s\u00e9rieux, on marche sur la t\u00eate\u2026<\/em> \u00ab\u00a0<\/p>\n","protected":false},"excerpt":{"rendered":"<p>Dans une interview pour FranceTV Sport, le pr\u00e9sident du Paris FC, Pierre Ferracci, est plut\u00f4t remont\u00e9 contre la Ligue de football professionnel. Il estime en effet que la LFP ne va pas assez vite pour prendre des d\u00e9cisions dans cette p\u00e9riode tumultueuse et incertaine. Mais surtout, il regrette ce qui s&rsquo;est pass\u00e9 lors du dernier &hellip; <a href=\"https:\/\/www.sitercl.com\/News\/?p=2950\" class=\"more-link\">Continuer la lecture<span class=\"screen-reader-text\"> de &laquo;&nbsp;Une demande de d\u00e9rogation de la LFP ?&nbsp;&raquo;<\/span><\/a><\/p>\n","protected":false},"author":2,"featured_media":0,"comment_status":"closed","ping_status":"open","sticky":false,"template":"","format":"standard","meta":{"footnotes":""},"categories":[4],"tags":[290,171,114,111],"class_list":["post-2950","post","type-post","status-publish","format-standard","hentry","category-divers","tag-covid-19","tag-interview","tag-lfp","tag-paris-fc"],"_links":{"self":[{"href":"https:\/\/www.sitercl.com\/News\/index.php?rest_route=\/wp\/v2\/posts\/2950","targetHints":{"allow":["GET"]}}],"collection":[{"href":"https:\/\/www.sitercl.com\/News\/index.php?rest_route=\/wp\/v2\/posts"}],"about":[{"href":"https:\/\/www.sitercl.com\/News\/index.php?rest_route=\/wp\/v2\/types\/post"}],"author":[{"embeddable":true,"href":"https:\/\/www.sitercl.com\/News\/index.php?rest_route=\/wp\/v2\/users\/2"}],"replies":[{"embeddable":true,"href":"https:\/\/www.sitercl.com\/News\/index.php?rest_route=%2Fwp%2Fv2%2Fcomments&post=2950"}],"version-history":[{"count":2,"href":"https:\/\/www.sitercl.com\/News\/index.php?rest_route=\/wp\/v2\/posts\/2950\/revisions"}],"predecessor-version":[{"id":2954,"href":"https:\/\/www.sitercl.com\/News\/index.php?rest_route=\/wp\/v2\/posts\/2950\/revisions\/2954"}],"wp:attachment":[{"href":"https:\/\/www.sitercl.com\/News\/index.php?rest_route=%2Fwp%2Fv2%2Fmedia&parent=2950"}],"wp:term":[{"taxonomy":"category","embeddable":true,"href":"https:\/\/www.sitercl.com\/News\/index.php?rest_route=%2Fwp%2Fv2%2Fcategories&post=2950"},{"taxonomy":"post_tag","embeddable":true,"href":"https:\/\/www.sitercl.com\/News\/index.php?rest_route=%2Fwp%2Fv2%2Ftags&post=2950"}],"curies":[{"name":"wp","href":"https:\/\/api.w.org\/{rel}","templated":true}]}}