{"id":301,"date":"2018-12-15T09:54:07","date_gmt":"2018-12-15T08:54:07","guid":{"rendered":"http:\/\/www.sitercl.com\/News\/?p=301"},"modified":"2018-12-15T10:08:30","modified_gmt":"2018-12-15T09:08:30","slug":"revue-du-web-avant-clermont-lens","status":"publish","type":"post","link":"https:\/\/www.sitercl.com\/News\/?p=301","title":{"rendered":"Revue du web avant Clermont &#8211; Lens"},"content":{"rendered":"<p>Voici une s\u00e9lection d&rsquo;articles du web avant la rencontre Clermont Foot &#8211; Lens comptant pour la 18e journ\u00e9e de Domino&rsquo;s Ligue 2&#8230;<\/p>\n<p><b>maligue2.fr<\/b> :<br \/>\n-15\/12\/2018 <a href=\"https:\/\/maligue2.fr\/2018\/12\/15\/philippe-montanier-clermont-est-lune-des-plus-belles-equipes-de-ligue-2\/\" target=\"_blank\" rel=\"noopener\">Philippe Montanier : \u00ab Clermont est l&rsquo;une des plus belles \u00e9quipes de Ligue 2 \u00bb<\/a><br \/>\n-15\/12\/2018 <a href=\"https:\/\/maligue2.fr\/2018\/12\/15\/fabien-centonze-jai-passe-deux-belles-annees-a-clermont\/\" target=\"_blank\" rel=\"noopener\">Fabien Centonze : \u00ab J&rsquo;ai pass\u00e9 deux belles ann\u00e9es \u00e0 Clermont \u00bb<\/a> <\/p>\n<p><b>www.butfootballclub.fr<\/b> :<br \/>\n-15\/12\/2018 <a href=\"https:\/\/www.butfootballclub.fr\/ligue-2\/rc-lens-montanier-prepare-une-surprise-a-clermont\/\" target=\"_blank\" rel=\"noopener\">Montanier pr\u00e9pare une surprise \u00e0 Clermont ?<\/a><\/p>\n<p><b>www.lamontagne.fr<\/b> :<br \/>\n-14\/12\/2018 <a href=\"https:\/\/www.lamontagne.fr\/clermont-ferrand\/sports\/football\/2018\/12\/14\/capitaine-laporte-affiche-ses-ambitions_13083483.html\" target=\"_blank\" rel=\"noopener\">Capitaine Laporte affiche ses ambitions<\/a><br \/>\n-11\/12\/2018 <a href=\"https:\/\/www.lamontagne.fr\/clermont-ferrand\/sports\/football\/2018\/12\/11\/clermont-foot-le-point-infirmerie-avant-lens_13079900.html\" target=\"_blank\" rel=\"noopener\">Clermont Foot : le point infirmerie avant Lens<\/a><\/p>\n<p><b>www.lavoixdunord.fr<\/b> :<br \/>\n-13\/12\/2018 <a href=\"http:\/\/www.lavoixdunord.fr\/506161\/article\/2018-12-13\/clermont-c-est-un-peu-comme-brest-assure-philippe-montanier\" target=\"_blank\" rel=\"noopener\">\u00ab Clermont, c\u2019est un peu comme Brest \u00bb, assure Philippe Montanier<\/a><br \/>\n-13\/12\/2018 <a href=\"http:\/\/www.lavoixdunord.fr\/506029\/article\/2018-12-13\/centonze-de-retour-lens-toujours-prive-de-gillet\" target=\"_blank\" rel=\"noopener\">Centonze de retour, Lens toujours priv\u00e9 de Gillet<\/a><br \/>\n-14\/12\/2018 <a href=\"http:\/\/www.lavoixdunord.fr\/506816\/article\/2018-12-14\/souleymane-diarra-la-force-devenue-presque-tranquille\" target=\"_blank\" rel=\"noopener\">Souleymane Diarra, la force devenue (presque) tranquille<\/a><\/p>\n","protected":false},"excerpt":{"rendered":"<p>Voici une s\u00e9lection d&rsquo;articles du web avant la rencontre Clermont Foot &#8211; Lens comptant pour la 18e journ\u00e9e de Domino&rsquo;s Ligue 2&#8230; maligue2.fr : -15\/12\/2018 Philippe Montanier : \u00ab Clermont est l&rsquo;une des plus belles \u00e9quipes de Ligue 2 \u00bb -15\/12\/2018 Fabien Centonze : \u00ab J&rsquo;ai pass\u00e9 deux belles ann\u00e9es \u00e0 Clermont \u00bb www.butfootballclub.fr : &hellip; <a href=\"https:\/\/www.sitercl.com\/News\/?p=301\" class=\"more-link\">Continuer la lecture<span class=\"screen-reader-text\"> de &laquo;&nbsp;Revue du web avant Clermont &#8211; Lens&nbsp;&raquo;<\/span><\/a><\/p>\n","protected":false},"author":2,"featured_media":0,"comment_status":"closed","ping_status":"open","sticky":false,"template":"","format":"standard","meta":{"footnotes":""},"categories":[6],"tags":[26,13],"class_list":["post-301","post","type-post","status-publish","format-standard","hentry","category-revue-du-web","tag-clermont-foot","tag-internet"],"_links":{"self":[{"href":"https:\/\/www.sitercl.com\/News\/index.php?rest_route=\/wp\/v2\/posts\/301","targetHints":{"allow":["GET"]}}],"collection":[{"href":"https:\/\/www.sitercl.com\/News\/index.php?rest_route=\/wp\/v2\/posts"}],"about":[{"href":"https:\/\/www.sitercl.com\/News\/index.php?rest_route=\/wp\/v2\/types\/post"}],"author":[{"embeddable":true,"href":"https:\/\/www.sitercl.com\/News\/index.php?rest_route=\/wp\/v2\/users\/2"}],"replies":[{"embeddable":true,"href":"https:\/\/www.sitercl.com\/News\/index.php?rest_route=%2Fwp%2Fv2%2Fcomments&post=301"}],"version-history":[{"count":2,"href":"https:\/\/www.sitercl.com\/News\/index.php?rest_route=\/wp\/v2\/posts\/301\/revisions"}],"predecessor-version":[{"id":305,"href":"https:\/\/www.sitercl.com\/News\/index.php?rest_route=\/wp\/v2\/posts\/301\/revisions\/305"}],"wp:attachment":[{"href":"https:\/\/www.sitercl.com\/News\/index.php?rest_route=%2Fwp%2Fv2%2Fmedia&parent=301"}],"wp:term":[{"taxonomy":"category","embeddable":true,"href":"https:\/\/www.sitercl.com\/News\/index.php?rest_route=%2Fwp%2Fv2%2Fcategories&post=301"},{"taxonomy":"post_tag","embeddable":true,"href":"https:\/\/www.sitercl.com\/News\/index.php?rest_route=%2Fwp%2Fv2%2Ftags&post=301"}],"curies":[{"name":"wp","href":"https:\/\/api.w.org\/{rel}","templated":true}]}}