{"id":3043,"date":"2020-04-24T19:28:19","date_gmt":"2020-04-24T17:28:19","guid":{"rendered":"https:\/\/www.sitercl.com\/News\/?p=3043"},"modified":"2020-04-24T19:28:19","modified_gmt":"2020-04-24T17:28:19","slug":"un-cas-de-covid-19-en-l1","status":"publish","type":"post","link":"https:\/\/www.sitercl.com\/News\/?p=3043","title":{"rendered":"Un cas de Covid-19 en L1"},"content":{"rendered":"\n<div class=\"wp-block-image\"><figure class=\"alignright size-large\"><img decoding=\"async\" src=\"https:\/\/www.sitercl.com\/Clubs\/France\/montpesc.gif\" alt=\"\"\/><\/figure><\/div>\n\n\n\n<p>Le club de Montpellier a indiqu\u00e9 qu\u2019un de ses joueurs est hospitalis\u00e9, il est atteint du Covid-19.<br>\u00ab\u00a0<em>Suite \u00e0 des probl\u00e8mes digestif et respiratoire, l\u2019un de nos joueurs est hospitalis\u00e9 \u00e0 Montpellier depuis deux jours en milieu sp\u00e9cialis\u00e9 pour b\u00e9n\u00e9ficier de soins appropri\u00e9s<\/em>\u00a0\u00bb, a seulement pr\u00e9cis\u00e9 le club h\u00e9raultais jeudi soir dans un communiqu\u00e9.<br><a href=\"https:\/\/www.sitercl.com\/News\/?p=2893\">Rappel<\/a>, en Ligue 2, Troyes avait \u00e9galement communiqu\u00e9 sur un cas parmi ses joueurs il y a un peu plus d&rsquo;un mois\u2026<\/p>\n\n\n\n<p>La LFP de son c\u00f4t\u00e9 a rappel\u00e9 avoir plac\u00e9 la sant\u00e9 comme la priorit\u00e9 des priorit\u00e9s. Elle indique ainsi avoir toujours suivi scrupuleusement les consignes du gouvernement, et travaille en lien avec le Minist\u00e8re des Sports et le Minist\u00e8re de l\u2019Int\u00e9rieur pour \u00e9tudier les meilleures conditions de la reprise garantissant d\u2019abord la sant\u00e9 de tous les acteurs ainsi que l\u2019\u00e9quit\u00e9 sportive et la p\u00e9rennit\u00e9 \u00e9conomique du football professionnel.<\/p>\n","protected":false},"excerpt":{"rendered":"<p>Le club de Montpellier a indiqu\u00e9 qu\u2019un de ses joueurs est hospitalis\u00e9, il est atteint du Covid-19.\u00ab\u00a0Suite \u00e0 des probl\u00e8mes digestif et respiratoire, l\u2019un de nos joueurs est hospitalis\u00e9 \u00e0 Montpellier depuis deux jours en milieu sp\u00e9cialis\u00e9 pour b\u00e9n\u00e9ficier de soins appropri\u00e9s\u00a0\u00bb, a seulement pr\u00e9cis\u00e9 le club h\u00e9raultais jeudi soir dans un communiqu\u00e9.Rappel, en Ligue &hellip; <a href=\"https:\/\/www.sitercl.com\/News\/?p=3043\" class=\"more-link\">Continuer la lecture<span class=\"screen-reader-text\"> de &laquo;&nbsp;Un cas de Covid-19 en L1&nbsp;&raquo;<\/span><\/a><\/p>\n","protected":false},"author":2,"featured_media":0,"comment_status":"closed","ping_status":"open","sticky":false,"template":"","format":"standard","meta":{"footnotes":""},"categories":[4],"tags":[290,114,151,300],"class_list":["post-3043","post","type-post","status-publish","format-standard","hentry","category-divers","tag-covid-19","tag-lfp","tag-ligue-1","tag-montpellier"],"_links":{"self":[{"href":"https:\/\/www.sitercl.com\/News\/index.php?rest_route=\/wp\/v2\/posts\/3043","targetHints":{"allow":["GET"]}}],"collection":[{"href":"https:\/\/www.sitercl.com\/News\/index.php?rest_route=\/wp\/v2\/posts"}],"about":[{"href":"https:\/\/www.sitercl.com\/News\/index.php?rest_route=\/wp\/v2\/types\/post"}],"author":[{"embeddable":true,"href":"https:\/\/www.sitercl.com\/News\/index.php?rest_route=\/wp\/v2\/users\/2"}],"replies":[{"embeddable":true,"href":"https:\/\/www.sitercl.com\/News\/index.php?rest_route=%2Fwp%2Fv2%2Fcomments&post=3043"}],"version-history":[{"count":1,"href":"https:\/\/www.sitercl.com\/News\/index.php?rest_route=\/wp\/v2\/posts\/3043\/revisions"}],"predecessor-version":[{"id":3044,"href":"https:\/\/www.sitercl.com\/News\/index.php?rest_route=\/wp\/v2\/posts\/3043\/revisions\/3044"}],"wp:attachment":[{"href":"https:\/\/www.sitercl.com\/News\/index.php?rest_route=%2Fwp%2Fv2%2Fmedia&parent=3043"}],"wp:term":[{"taxonomy":"category","embeddable":true,"href":"https:\/\/www.sitercl.com\/News\/index.php?rest_route=%2Fwp%2Fv2%2Fcategories&post=3043"},{"taxonomy":"post_tag","embeddable":true,"href":"https:\/\/www.sitercl.com\/News\/index.php?rest_route=%2Fwp%2Fv2%2Ftags&post=3043"}],"curies":[{"name":"wp","href":"https:\/\/api.w.org\/{rel}","templated":true}]}}