{"id":3121,"date":"2020-05-13T17:47:32","date_gmt":"2020-05-13T15:47:32","guid":{"rendered":"https:\/\/www.sitercl.com\/News\/?p=3121"},"modified":"2020-05-13T18:49:11","modified_gmt":"2020-05-13T16:49:11","slug":"deces-de-philippe-redon","status":"publish","type":"post","link":"https:\/\/www.sitercl.com\/News\/?p=3121","title":{"rendered":"D\u00e9c\u00e8s de Philippe Redon"},"content":{"rendered":"\n<div class=\"wp-block-image\"><figure class=\"alignright size-large\"><img decoding=\"async\" src=\"https:\/\/www.sitercl.com\/Fichejo\/R\/redonphi.gif\" alt=\"\"\/><\/figure><\/div>\n\n\n\n<p>On a malheureusement appris hier (mardi) le d\u00e9c\u00e8s de Philippe Redon \u00e0 l\u2019\u00e2ge de 69 ans. C&rsquo;est le troisi\u00e8me ancien entra\u00eeneur du RC Lens qui dispara\u00eet ces derniers mois apr\u00e8s <a href=\"https:\/\/www.sitercl.com\/News\/?post_type=post&amp;p=2279\">Daniel Leclercq<\/a> et <a href=\"https:\/\/www.sitercl.com\/News\/?p=2959\">Arnold Sowinski<\/a>.<\/p>\n\n\n\n<p>Philippe Redon avait entra\u00een\u00e9 pendant quelques mois l&rsquo;\u00e9quipe du RC Lens lors du d\u00e9but de la saison 1989\/1990.<\/p>\n","protected":false},"excerpt":{"rendered":"<p>On a malheureusement appris hier (mardi) le d\u00e9c\u00e8s de Philippe Redon \u00e0 l\u2019\u00e2ge de 69 ans. C&rsquo;est le troisi\u00e8me ancien entra\u00eeneur du RC Lens qui dispara\u00eet ces derniers mois apr\u00e8s Daniel Leclercq et Arnold Sowinski. Philippe Redon avait entra\u00een\u00e9 pendant quelques mois l&rsquo;\u00e9quipe du RC Lens lors du d\u00e9but de la saison 1989\/1990.<\/p>\n","protected":false},"author":2,"featured_media":0,"comment_status":"closed","ping_status":"open","sticky":false,"template":"","format":"standard","meta":{"footnotes":""},"categories":[2],"tags":[249,267,316],"class_list":["post-3121","post","type-post","status-publish","format-standard","hentry","category-infos","tag-deces","tag-entraineur","tag-redon"],"_links":{"self":[{"href":"https:\/\/www.sitercl.com\/News\/index.php?rest_route=\/wp\/v2\/posts\/3121","targetHints":{"allow":["GET"]}}],"collection":[{"href":"https:\/\/www.sitercl.com\/News\/index.php?rest_route=\/wp\/v2\/posts"}],"about":[{"href":"https:\/\/www.sitercl.com\/News\/index.php?rest_route=\/wp\/v2\/types\/post"}],"author":[{"embeddable":true,"href":"https:\/\/www.sitercl.com\/News\/index.php?rest_route=\/wp\/v2\/users\/2"}],"replies":[{"embeddable":true,"href":"https:\/\/www.sitercl.com\/News\/index.php?rest_route=%2Fwp%2Fv2%2Fcomments&post=3121"}],"version-history":[{"count":2,"href":"https:\/\/www.sitercl.com\/News\/index.php?rest_route=\/wp\/v2\/posts\/3121\/revisions"}],"predecessor-version":[{"id":3123,"href":"https:\/\/www.sitercl.com\/News\/index.php?rest_route=\/wp\/v2\/posts\/3121\/revisions\/3123"}],"wp:attachment":[{"href":"https:\/\/www.sitercl.com\/News\/index.php?rest_route=%2Fwp%2Fv2%2Fmedia&parent=3121"}],"wp:term":[{"taxonomy":"category","embeddable":true,"href":"https:\/\/www.sitercl.com\/News\/index.php?rest_route=%2Fwp%2Fv2%2Fcategories&post=3121"},{"taxonomy":"post_tag","embeddable":true,"href":"https:\/\/www.sitercl.com\/News\/index.php?rest_route=%2Fwp%2Fv2%2Ftags&post=3121"}],"curies":[{"name":"wp","href":"https:\/\/api.w.org\/{rel}","templated":true}]}}