{"id":3155,"date":"2020-05-22T14:21:40","date_gmt":"2020-05-22T12:21:40","guid":{"rendered":"https:\/\/www.sitercl.com\/News\/?p=3155"},"modified":"2020-05-22T14:21:40","modified_gmt":"2020-05-22T12:21:40","slug":"si-je-peux-etre-encore-utile","status":"publish","type":"post","link":"https:\/\/www.sitercl.com\/News\/?p=3155","title":{"rendered":"Si je peux \u00eatre encore utile\u2026"},"content":{"rendered":"\n<div class=\"wp-block-image\"><figure class=\"alignright size-large\"><img decoding=\"async\" src=\"https:\/\/www.sitercl.com\/Fichejo\/M\/martelge.gif\" alt=\"\"\/><\/figure><\/div>\n\n\n\n<p>Dans <em>Le Parisien<\/em>, Gervais Martel effectue une analyse sans concession sur le foot actuel qui pense beaucoup plus \u00e0 son petit int\u00e9r\u00eat \u00e0 court terme qu&rsquo;\u00e0 l&rsquo;int\u00e9r\u00eat g\u00e9n\u00e9ral \u00e0 long terme. L&rsquo;ancien pr\u00e9sident du RC Lens y r\u00e9v\u00e8le \u00e9galement qu&rsquo;il n&rsquo;exclut pas un retour aux affaires. Ancien patron du syndicat historique des clubs (UCPF) durant 15 ans, il envisage d&rsquo;\u00eatre \u00e9lu dans le coll\u00e8ge des ind\u00e9pendants lors d&rsquo;une future \u00e9lection \u00e0 la Ligue avec ce credo : \u00ab\u00a0<em>La solidarit\u00e9, ce n&rsquo;est pas que l&rsquo;affichage ou pour applaudir \u00e0 20 heures \u00e0 la fen\u00eatre. La solidarit\u00e9 de fa\u00e7ade devient insupportable. Le football fran\u00e7ais en prend plein la gueule depuis deux mois, avec des disputes secondaires par rapport \u00e0 la situation du pays et de la vie des gens. Il va falloir que la solidarit\u00e9 coule dans les veines et soit inscrite dans les textes, concr\u00e8tement.<\/em>\u00ab\u00a0<\/p>\n","protected":false},"excerpt":{"rendered":"<p>Dans Le Parisien, Gervais Martel effectue une analyse sans concession sur le foot actuel qui pense beaucoup plus \u00e0 son petit int\u00e9r\u00eat \u00e0 court terme qu&rsquo;\u00e0 l&rsquo;int\u00e9r\u00eat g\u00e9n\u00e9ral \u00e0 long terme. L&rsquo;ancien pr\u00e9sident du RC Lens y r\u00e9v\u00e8le \u00e9galement qu&rsquo;il n&rsquo;exclut pas un retour aux affaires. Ancien patron du syndicat historique des clubs (UCPF) durant &hellip; <a href=\"https:\/\/www.sitercl.com\/News\/?p=3155\" class=\"more-link\">Continuer la lecture<span class=\"screen-reader-text\"> de &laquo;&nbsp;Si je peux \u00eatre encore utile\u2026&nbsp;&raquo;<\/span><\/a><\/p>\n","protected":false},"author":2,"featured_media":0,"comment_status":"closed","ping_status":"open","sticky":false,"template":"","format":"standard","meta":{"footnotes":""},"categories":[2],"tags":[290,171,258],"class_list":["post-3155","post","type-post","status-publish","format-standard","hentry","category-infos","tag-covid-19","tag-interview","tag-martel"],"_links":{"self":[{"href":"https:\/\/www.sitercl.com\/News\/index.php?rest_route=\/wp\/v2\/posts\/3155","targetHints":{"allow":["GET"]}}],"collection":[{"href":"https:\/\/www.sitercl.com\/News\/index.php?rest_route=\/wp\/v2\/posts"}],"about":[{"href":"https:\/\/www.sitercl.com\/News\/index.php?rest_route=\/wp\/v2\/types\/post"}],"author":[{"embeddable":true,"href":"https:\/\/www.sitercl.com\/News\/index.php?rest_route=\/wp\/v2\/users\/2"}],"replies":[{"embeddable":true,"href":"https:\/\/www.sitercl.com\/News\/index.php?rest_route=%2Fwp%2Fv2%2Fcomments&post=3155"}],"version-history":[{"count":1,"href":"https:\/\/www.sitercl.com\/News\/index.php?rest_route=\/wp\/v2\/posts\/3155\/revisions"}],"predecessor-version":[{"id":3156,"href":"https:\/\/www.sitercl.com\/News\/index.php?rest_route=\/wp\/v2\/posts\/3155\/revisions\/3156"}],"wp:attachment":[{"href":"https:\/\/www.sitercl.com\/News\/index.php?rest_route=%2Fwp%2Fv2%2Fmedia&parent=3155"}],"wp:term":[{"taxonomy":"category","embeddable":true,"href":"https:\/\/www.sitercl.com\/News\/index.php?rest_route=%2Fwp%2Fv2%2Fcategories&post=3155"},{"taxonomy":"post_tag","embeddable":true,"href":"https:\/\/www.sitercl.com\/News\/index.php?rest_route=%2Fwp%2Fv2%2Ftags&post=3155"}],"curies":[{"name":"wp","href":"https:\/\/api.w.org\/{rel}","templated":true}]}}