{"id":3161,"date":"2020-05-27T19:29:36","date_gmt":"2020-05-27T17:29:36","guid":{"rendered":"https:\/\/www.sitercl.com\/News\/?p=3161"},"modified":"2020-05-27T19:29:36","modified_gmt":"2020-05-27T17:29:36","slug":"un-masque-aux-couleurs-du-rcl","status":"publish","type":"post","link":"https:\/\/www.sitercl.com\/News\/?p=3161","title":{"rendered":"Un masque aux couleurs du RCL"},"content":{"rendered":"\n<div class=\"wp-block-image\"><figure class=\"alignright size-large\"><img decoding=\"async\" src=\"https:\/\/www.sitercl.com\/Navigat\/NAVI-rcl.gif\" alt=\"\"\/><\/figure><\/div>\n\n\n\n<p><em>La Voix Du Nord<\/em> nous apprend que le RC Lens a d\u00e9cid\u00e9 de sortir un masque \u00e0 ses couleurs\u2026<br>\u00ab\u00a0<em>On aura des masques r\u00e9utilisables et qualitatifs. On ne voulait pas faire \u00e7a dans un but mercantile mais dans un esprit solidaire et citoyen. Les b\u00e9n\u00e9fices iront \u00e0 une association<\/em>.\u00a0\u00bb a indiqu\u00e9 Fabrice Wolniczak, directeur marketing du club.<br>Ces masques sont en phase de production. Ils devraient \u00eatre\u00a0disponibles \u00e0 la boutique du stade Bollaert-Delelis\u00a0d\u00e8s sa r\u00e9ouverture, pr\u00e9vue\u00a0mi-juin.<\/p>\n","protected":false},"excerpt":{"rendered":"<p>La Voix Du Nord nous apprend que le RC Lens a d\u00e9cid\u00e9 de sortir un masque \u00e0 ses couleurs\u2026\u00ab\u00a0On aura des masques r\u00e9utilisables et qualitatifs. On ne voulait pas faire \u00e7a dans un but mercantile mais dans un esprit solidaire et citoyen. Les b\u00e9n\u00e9fices iront \u00e0 une association.\u00a0\u00bb a indiqu\u00e9 Fabrice Wolniczak, directeur marketing du &hellip; <a href=\"https:\/\/www.sitercl.com\/News\/?p=3161\" class=\"more-link\">Continuer la lecture<span class=\"screen-reader-text\"> de &laquo;&nbsp;Un masque aux couleurs du RCL&nbsp;&raquo;<\/span><\/a><\/p>\n","protected":false},"author":2,"featured_media":0,"comment_status":"closed","ping_status":"open","sticky":false,"template":"","format":"standard","meta":{"footnotes":""},"categories":[2],"tags":[290,322,323],"class_list":["post-3161","post","type-post","status-publish","format-standard","hentry","category-infos","tag-covid-19","tag-merchandising","tag-wolniczak"],"_links":{"self":[{"href":"https:\/\/www.sitercl.com\/News\/index.php?rest_route=\/wp\/v2\/posts\/3161","targetHints":{"allow":["GET"]}}],"collection":[{"href":"https:\/\/www.sitercl.com\/News\/index.php?rest_route=\/wp\/v2\/posts"}],"about":[{"href":"https:\/\/www.sitercl.com\/News\/index.php?rest_route=\/wp\/v2\/types\/post"}],"author":[{"embeddable":true,"href":"https:\/\/www.sitercl.com\/News\/index.php?rest_route=\/wp\/v2\/users\/2"}],"replies":[{"embeddable":true,"href":"https:\/\/www.sitercl.com\/News\/index.php?rest_route=%2Fwp%2Fv2%2Fcomments&post=3161"}],"version-history":[{"count":1,"href":"https:\/\/www.sitercl.com\/News\/index.php?rest_route=\/wp\/v2\/posts\/3161\/revisions"}],"predecessor-version":[{"id":3162,"href":"https:\/\/www.sitercl.com\/News\/index.php?rest_route=\/wp\/v2\/posts\/3161\/revisions\/3162"}],"wp:attachment":[{"href":"https:\/\/www.sitercl.com\/News\/index.php?rest_route=%2Fwp%2Fv2%2Fmedia&parent=3161"}],"wp:term":[{"taxonomy":"category","embeddable":true,"href":"https:\/\/www.sitercl.com\/News\/index.php?rest_route=%2Fwp%2Fv2%2Fcategories&post=3161"},{"taxonomy":"post_tag","embeddable":true,"href":"https:\/\/www.sitercl.com\/News\/index.php?rest_route=%2Fwp%2Fv2%2Ftags&post=3161"}],"curies":[{"name":"wp","href":"https:\/\/api.w.org\/{rel}","templated":true}]}}