{"id":3176,"date":"2020-06-02T18:04:46","date_gmt":"2020-06-02T16:04:46","guid":{"rendered":"https:\/\/www.sitercl.com\/News\/?p=3176"},"modified":"2020-06-02T18:04:46","modified_gmt":"2020-06-02T16:04:46","slug":"de-nouvelles-rumeurs","status":"publish","type":"post","link":"https:\/\/www.sitercl.com\/News\/?p=3176","title":{"rendered":"De nouvelles rumeurs&#8230;"},"content":{"rendered":"\n<p>Au niveau des arriv\u00e9es, en plus des <a href=\"https:\/\/www.sitercl.com\/News\/?tag=mercato\">noms d\u00e9j\u00e0 \u00e9voqu\u00e9s<\/a>, de nouvelles rumeurs viennent alimenter le mercato du RC Lens ces derniers jours\u2026<\/p>\n\n\n\n<p>Il y a par exemple celle de <strong>Yoann Court<\/strong>. En fin de contrat avec le Stade Brestois, l&rsquo;ailier de 30 ans aimerait trouver un nouveau point de chute pour les trois prochaines saisons. C&rsquo;est justement cette dur\u00e9e un peu longue de trois ans qui a semble-t-il fait capoter sa prolongation avec les Bretons. On se souvient que le joueur avait d\u00e9j\u00e0 int\u00e9ress\u00e9 le RCL dans le pass\u00e9. Toutefois le club lensois n&rsquo;est pas seul puisque le FC Nantes, le N\u00eemes Olympique, Auxerre ou encore le SM Caen pourrait aussi \u00eatre sur les rangs.<\/p>\n\n\n\n<p>Autre rumeur, celle de l\u2019ancien Caennais\u00a0<strong>Enzo Crivelli<\/strong>. Le jeune attaquant (25 ans) \u00e9volue dans le club\u00a0d\u2019Istanbul Basaksehir, en Turquie. En trente-trois rencontres disput\u00e9es, il a inscrit treize buts et d\u00e9livr\u00e9 trois passes d\u00e9cisives, toutes comp\u00e9titions confondues. Des statistiques honorables pour une premi\u00e8re saison \u00e0 l\u2019\u00e9tranger. Toutefois son indemnit\u00e9 de transfert pourrait approcher les 5 millions d&rsquo;euros.<\/p>\n\n\n\n<p>Sans oublier aussi les noms \u00e9voqu\u00e9s de <strong>S\u00e9bastien Corchia<\/strong> (FC S\u00e9ville), <strong>Charles Kabor\u00e9<\/strong> (Dynamo Moscou, ex-OM), <strong>Isma\u00ebl Diomand\u00e9<\/strong> (Rizespor, ex-ASSE), <strong>Maxime Le Marchand<\/strong> (Fulham, ex-Nice), <strong>Jessy Deminguet<\/strong> (SM Caen), <strong>J\u00e9r\u00e9my Morel<\/strong> et <strong>J\u00e9r\u00e9my Gelin<\/strong> (Rennes).<\/p>\n\n\n\n<p>Rappel, les arriv\u00e9es de <a href=\"https:\/\/www.sitercl.com\/News\/?p=3079\">Lo\u00efc Bad\u00e9<\/a> (20 ans) et <a href=\"https:\/\/www.sitercl.com\/News\/?p=3111\">Jonathan Clauss<\/a> (27 ans) seraient d\u00e9j\u00e0 act\u00e9es.<\/p>\n","protected":false},"excerpt":{"rendered":"<p>Au niveau des arriv\u00e9es, en plus des noms d\u00e9j\u00e0 \u00e9voqu\u00e9s, de nouvelles rumeurs viennent alimenter le mercato du RC Lens ces derniers jours\u2026 Il y a par exemple celle de Yoann Court. En fin de contrat avec le Stade Brestois, l&rsquo;ailier de 30 ans aimerait trouver un nouveau point de chute pour les trois prochaines &hellip; <a href=\"https:\/\/www.sitercl.com\/News\/?p=3176\" class=\"more-link\">Continuer la lecture<span class=\"screen-reader-text\"> de &laquo;&nbsp;De nouvelles rumeurs&#8230;&nbsp;&raquo;<\/span><\/a><\/p>\n","protected":false},"author":2,"featured_media":0,"comment_status":"closed","ping_status":"open","sticky":false,"template":"","format":"standard","meta":{"footnotes":""},"categories":[2],"tags":[328,327,64],"class_list":["post-3176","post","type-post","status-publish","format-standard","hentry","category-infos","tag-court","tag-crivelli","tag-mercato"],"_links":{"self":[{"href":"https:\/\/www.sitercl.com\/News\/index.php?rest_route=\/wp\/v2\/posts\/3176","targetHints":{"allow":["GET"]}}],"collection":[{"href":"https:\/\/www.sitercl.com\/News\/index.php?rest_route=\/wp\/v2\/posts"}],"about":[{"href":"https:\/\/www.sitercl.com\/News\/index.php?rest_route=\/wp\/v2\/types\/post"}],"author":[{"embeddable":true,"href":"https:\/\/www.sitercl.com\/News\/index.php?rest_route=\/wp\/v2\/users\/2"}],"replies":[{"embeddable":true,"href":"https:\/\/www.sitercl.com\/News\/index.php?rest_route=%2Fwp%2Fv2%2Fcomments&post=3176"}],"version-history":[{"count":1,"href":"https:\/\/www.sitercl.com\/News\/index.php?rest_route=\/wp\/v2\/posts\/3176\/revisions"}],"predecessor-version":[{"id":3177,"href":"https:\/\/www.sitercl.com\/News\/index.php?rest_route=\/wp\/v2\/posts\/3176\/revisions\/3177"}],"wp:attachment":[{"href":"https:\/\/www.sitercl.com\/News\/index.php?rest_route=%2Fwp%2Fv2%2Fmedia&parent=3176"}],"wp:term":[{"taxonomy":"category","embeddable":true,"href":"https:\/\/www.sitercl.com\/News\/index.php?rest_route=%2Fwp%2Fv2%2Fcategories&post=3176"},{"taxonomy":"post_tag","embeddable":true,"href":"https:\/\/www.sitercl.com\/News\/index.php?rest_route=%2Fwp%2Fv2%2Ftags&post=3176"}],"curies":[{"name":"wp","href":"https:\/\/api.w.org\/{rel}","templated":true}]}}