{"id":3201,"date":"2020-06-07T10:36:31","date_gmt":"2020-06-07T08:36:31","guid":{"rendered":"https:\/\/www.sitercl.com\/News\/?p=3201"},"modified":"2022-03-29T19:42:24","modified_gmt":"2022-03-29T17:42:24","slug":"le-staff-setoffe","status":"publish","type":"post","link":"https:\/\/www.sitercl.com\/News\/?p=3201","title":{"rendered":"Le staff s&rsquo;\u00e9toffe"},"content":{"rendered":"\n<div class=\"wp-block-image\"><figure class=\"alignright size-large\"><img decoding=\"async\" src=\"https:\/\/www.sitercl.com\/Clubs\/France\/reimssta.gif\" alt=\"\"\/><\/figure><\/div>\n\n\n\n<p>Si Franck Haize a \u00e9t\u00e9 confirm\u00e9 comme entra\u00eeneur pour la saison qui va d\u00e9marrer, le staff lensois subit encore quelques modifications selon <em>L&rsquo;Equipe<\/em>. En effet, le quotidien sportif annonce le d\u00e9part de <strong>Laurent Bessi\u00e8re<\/strong> du Stade de Reims pour rejoindre le RC Lens. Responsable de la cellule performance du club champenois, il devrait exercer la m\u00eame fonction en Artois.<br>Laurent Bessi\u00e8re, 37 ans, arriv\u00e9 au Stade de Reims en mai 2012 connait bien Florent Ghisolfi, coordinateur sportif des Sang et Or. puisque ce dernier a \u00e9t\u00e9 l&rsquo;entra\u00eeneur de la\u00a0section f\u00e9minine du Stade de Reims durant quelques saisons.<\/p>\n","protected":false},"excerpt":{"rendered":"<p>Si Franck Haize a \u00e9t\u00e9 confirm\u00e9 comme entra\u00eeneur pour la saison qui va d\u00e9marrer, le staff lensois subit encore quelques modifications selon L&rsquo;Equipe. En effet, le quotidien sportif annonce le d\u00e9part de Laurent Bessi\u00e8re du Stade de Reims pour rejoindre le RC Lens. Responsable de la cellule performance du club champenois, il devrait exercer la &hellip; <a href=\"https:\/\/www.sitercl.com\/News\/?p=3201\" class=\"more-link\">Continuer la lecture<span class=\"screen-reader-text\"> de &laquo;&nbsp;Le staff s&rsquo;\u00e9toffe&nbsp;&raquo;<\/span><\/a><\/p>\n","protected":false},"author":2,"featured_media":0,"comment_status":"closed","ping_status":"open","sticky":false,"template":"","format":"standard","meta":{"footnotes":""},"categories":[2],"tags":[332,154,59,107],"class_list":["post-3201","post","type-post","status-publish","format-standard","hentry","category-infos","tag-bessiere","tag-ghisolfi","tag-reims","tag-staff"],"_links":{"self":[{"href":"https:\/\/www.sitercl.com\/News\/index.php?rest_route=\/wp\/v2\/posts\/3201","targetHints":{"allow":["GET"]}}],"collection":[{"href":"https:\/\/www.sitercl.com\/News\/index.php?rest_route=\/wp\/v2\/posts"}],"about":[{"href":"https:\/\/www.sitercl.com\/News\/index.php?rest_route=\/wp\/v2\/types\/post"}],"author":[{"embeddable":true,"href":"https:\/\/www.sitercl.com\/News\/index.php?rest_route=\/wp\/v2\/users\/2"}],"replies":[{"embeddable":true,"href":"https:\/\/www.sitercl.com\/News\/index.php?rest_route=%2Fwp%2Fv2%2Fcomments&post=3201"}],"version-history":[{"count":3,"href":"https:\/\/www.sitercl.com\/News\/index.php?rest_route=\/wp\/v2\/posts\/3201\/revisions"}],"predecessor-version":[{"id":7361,"href":"https:\/\/www.sitercl.com\/News\/index.php?rest_route=\/wp\/v2\/posts\/3201\/revisions\/7361"}],"wp:attachment":[{"href":"https:\/\/www.sitercl.com\/News\/index.php?rest_route=%2Fwp%2Fv2%2Fmedia&parent=3201"}],"wp:term":[{"taxonomy":"category","embeddable":true,"href":"https:\/\/www.sitercl.com\/News\/index.php?rest_route=%2Fwp%2Fv2%2Fcategories&post=3201"},{"taxonomy":"post_tag","embeddable":true,"href":"https:\/\/www.sitercl.com\/News\/index.php?rest_route=%2Fwp%2Fv2%2Ftags&post=3201"}],"curies":[{"name":"wp","href":"https:\/\/api.w.org\/{rel}","templated":true}]}}