{"id":3214,"date":"2020-06-10T19:16:33","date_gmt":"2020-06-10T17:16:33","guid":{"rendered":"https:\/\/www.sitercl.com\/News\/?p=3214"},"modified":"2020-06-10T19:18:23","modified_gmt":"2020-06-10T17:18:23","slug":"la-remonte-pour-la-boutique","status":"publish","type":"post","link":"https:\/\/www.sitercl.com\/News\/?p=3214","title":{"rendered":"La \u00ab\u00a0Remonte\u00a0\u00bb pour la boutique"},"content":{"rendered":"\n<div class=\"wp-block-image\"><figure class=\"alignright size-large is-resized\"><img loading=\"lazy\" decoding=\"async\" src=\"https:\/\/www.sitercl.com\/News\/wp-content\/uploads\/2020\/06\/Tshirt_La_Remonte.jpg\" alt=\"\" class=\"wp-image-3215\" width=\"198\" height=\"206\" srcset=\"https:\/\/www.sitercl.com\/News\/wp-content\/uploads\/2020\/06\/Tshirt_La_Remonte.jpg 396w, https:\/\/www.sitercl.com\/News\/wp-content\/uploads\/2020\/06\/Tshirt_La_Remonte-289x300.jpg 289w\" sizes=\"auto, (max-width: 198px) 85vw, 198px\" \/><\/figure><\/div>\n\n\n\n<p>A noter que la boutique Emotion Foot du stade Bollaert-Delelis ouvrira \u00e0 nouveau ses portes le jeudi 11 juin \u00e0 12h. Les \u00e9quipes ont am\u00e9nag\u00e9 la boutique afin d&rsquo;accueillir les supporters lensois dans les meilleures conditions possibles et dans le respect des gestes barri\u00e8res.<br>Ouverture du mardi au samedi de 12h \u00e0 18h30.<\/p>\n\n\n\n<p>Et il sera possible d\u00e8s son ouverture d&rsquo;y acheter un t-shirt collector La \u00ab\u00a0Remonte\u00a0\u00bb. Ce t-shirt joue bien sur les deux tableaux, la remont\u00e9e en Ligue 1 et surtout sur l&rsquo;ADN du club, les mineurs. Le terme \u00e9tant utilis\u00e9 par les mineurs lorsqu\u2019ils revenaient \u00e0 la lumi\u00e8re apr\u00e8s une longue journ\u00e9e de dur labeur.<\/p>\n\n\n\n<p>Ce t-shirt collector \u00e0 15 euros est \u00e9galement disponible <a href=\"https:\/\/boutique.rclens.fr\/fr\/merchandising\/pret-a-porter\/homme\/tee-shirt-rc-lens-la-remonte-2020-adulte-56835\" target=\"_blank\" rel=\"noreferrer noopener\">en ligne<\/a>.<\/p>\n","protected":false},"excerpt":{"rendered":"<p>A noter que la boutique Emotion Foot du stade Bollaert-Delelis ouvrira \u00e0 nouveau ses portes le jeudi 11 juin \u00e0 12h. Les \u00e9quipes ont am\u00e9nag\u00e9 la boutique afin d&rsquo;accueillir les supporters lensois dans les meilleures conditions possibles et dans le respect des gestes barri\u00e8res.Ouverture du mardi au samedi de 12h \u00e0 18h30. Et il sera &hellip; <a href=\"https:\/\/www.sitercl.com\/News\/?p=3214\" class=\"more-link\">Continuer la lecture<span class=\"screen-reader-text\"> de &laquo;&nbsp;La \u00ab\u00a0Remonte\u00a0\u00bb pour la boutique&nbsp;&raquo;<\/span><\/a><\/p>\n","protected":false},"author":2,"featured_media":0,"comment_status":"closed","ping_status":"open","sticky":false,"template":"","format":"standard","meta":{"footnotes":""},"categories":[2],"tags":[334,333,322],"class_list":["post-3214","post","type-post","status-publish","format-standard","hentry","category-infos","tag-boutique","tag-emotion-foot","tag-merchandising"],"_links":{"self":[{"href":"https:\/\/www.sitercl.com\/News\/index.php?rest_route=\/wp\/v2\/posts\/3214","targetHints":{"allow":["GET"]}}],"collection":[{"href":"https:\/\/www.sitercl.com\/News\/index.php?rest_route=\/wp\/v2\/posts"}],"about":[{"href":"https:\/\/www.sitercl.com\/News\/index.php?rest_route=\/wp\/v2\/types\/post"}],"author":[{"embeddable":true,"href":"https:\/\/www.sitercl.com\/News\/index.php?rest_route=\/wp\/v2\/users\/2"}],"replies":[{"embeddable":true,"href":"https:\/\/www.sitercl.com\/News\/index.php?rest_route=%2Fwp%2Fv2%2Fcomments&post=3214"}],"version-history":[{"count":1,"href":"https:\/\/www.sitercl.com\/News\/index.php?rest_route=\/wp\/v2\/posts\/3214\/revisions"}],"predecessor-version":[{"id":3216,"href":"https:\/\/www.sitercl.com\/News\/index.php?rest_route=\/wp\/v2\/posts\/3214\/revisions\/3216"}],"wp:attachment":[{"href":"https:\/\/www.sitercl.com\/News\/index.php?rest_route=%2Fwp%2Fv2%2Fmedia&parent=3214"}],"wp:term":[{"taxonomy":"category","embeddable":true,"href":"https:\/\/www.sitercl.com\/News\/index.php?rest_route=%2Fwp%2Fv2%2Fcategories&post=3214"},{"taxonomy":"post_tag","embeddable":true,"href":"https:\/\/www.sitercl.com\/News\/index.php?rest_route=%2Fwp%2Fv2%2Ftags&post=3214"}],"curies":[{"name":"wp","href":"https:\/\/api.w.org\/{rel}","templated":true}]}}