{"id":3309,"date":"2020-07-02T19:33:43","date_gmt":"2020-07-02T17:33:43","guid":{"rendered":"https:\/\/www.sitercl.com\/News\/?p=3309"},"modified":"2020-07-02T19:33:43","modified_gmt":"2020-07-02T17:33:43","slug":"facundo-medina-pour-4-ans","status":"publish","type":"post","link":"https:\/\/www.sitercl.com\/News\/?p=3309","title":{"rendered":"Facundo Medina pour 4 ans"},"content":{"rendered":"\n<div class=\"wp-block-image\"><figure class=\"alignright size-large\"><img decoding=\"async\" src=\"https:\/\/www.sitercl.com\/Fichejo\/M\/medinafa.gif\" alt=\"\"\/><\/figure><\/div>\n\n\n\n<p>Le d\u00e9fenseur du CA Talleres, <strong>Facundo Medina<\/strong> (21 ans), international argentin des moins de 23 ans, qui peut jouer axial gauche ou lat\u00e9ral gauche, s\u2019est engag\u00e9 ce jeudi pour quatre ans avec le RC Lens.<\/p>\n\n\n\n<p>Facundo Medina\u00a0a \u00e9t\u00e9 form\u00e9 \u00e0 River Plate, l\u2019un des g\u00e9ants de la capitale argentine, avant de rejoindre le CA Talleres en 2018 \u00e0 l\u2019\u00e2ge de 19 ans.<\/p>\n","protected":false},"excerpt":{"rendered":"<p>Le d\u00e9fenseur du CA Talleres, Facundo Medina (21 ans), international argentin des moins de 23 ans, qui peut jouer axial gauche ou lat\u00e9ral gauche, s\u2019est engag\u00e9 ce jeudi pour quatre ans avec le RC Lens. Facundo Medina\u00a0a \u00e9t\u00e9 form\u00e9 \u00e0 River Plate, l\u2019un des g\u00e9ants de la capitale argentine, avant de rejoindre le CA Talleres &hellip; <a href=\"https:\/\/www.sitercl.com\/News\/?p=3309\" class=\"more-link\">Continuer la lecture<span class=\"screen-reader-text\"> de &laquo;&nbsp;Facundo Medina pour 4 ans&nbsp;&raquo;<\/span><\/a><\/p>\n","protected":false},"author":2,"featured_media":0,"comment_status":"closed","ping_status":"open","sticky":false,"template":"","format":"standard","meta":{"footnotes":""},"categories":[2],"tags":[68,346,64,58],"class_list":["post-3309","post","type-post","status-publish","format-standard","hentry","category-infos","tag-contrat","tag-medina","tag-mercato","tag-transfert"],"_links":{"self":[{"href":"https:\/\/www.sitercl.com\/News\/index.php?rest_route=\/wp\/v2\/posts\/3309","targetHints":{"allow":["GET"]}}],"collection":[{"href":"https:\/\/www.sitercl.com\/News\/index.php?rest_route=\/wp\/v2\/posts"}],"about":[{"href":"https:\/\/www.sitercl.com\/News\/index.php?rest_route=\/wp\/v2\/types\/post"}],"author":[{"embeddable":true,"href":"https:\/\/www.sitercl.com\/News\/index.php?rest_route=\/wp\/v2\/users\/2"}],"replies":[{"embeddable":true,"href":"https:\/\/www.sitercl.com\/News\/index.php?rest_route=%2Fwp%2Fv2%2Fcomments&post=3309"}],"version-history":[{"count":1,"href":"https:\/\/www.sitercl.com\/News\/index.php?rest_route=\/wp\/v2\/posts\/3309\/revisions"}],"predecessor-version":[{"id":3310,"href":"https:\/\/www.sitercl.com\/News\/index.php?rest_route=\/wp\/v2\/posts\/3309\/revisions\/3310"}],"wp:attachment":[{"href":"https:\/\/www.sitercl.com\/News\/index.php?rest_route=%2Fwp%2Fv2%2Fmedia&parent=3309"}],"wp:term":[{"taxonomy":"category","embeddable":true,"href":"https:\/\/www.sitercl.com\/News\/index.php?rest_route=%2Fwp%2Fv2%2Fcategories&post=3309"},{"taxonomy":"post_tag","embeddable":true,"href":"https:\/\/www.sitercl.com\/News\/index.php?rest_route=%2Fwp%2Fv2%2Ftags&post=3309"}],"curies":[{"name":"wp","href":"https:\/\/api.w.org\/{rel}","templated":true}]}}