{"id":3315,"date":"2020-07-03T21:07:33","date_gmt":"2020-07-03T19:07:33","guid":{"rendered":"https:\/\/www.sitercl.com\/News\/?p=3315"},"modified":"2020-07-03T21:07:33","modified_gmt":"2020-07-03T19:07:33","slug":"lens-sactive-pour-gelin","status":"publish","type":"post","link":"https:\/\/www.sitercl.com\/News\/?p=3315","title":{"rendered":"Lens s&rsquo;active pour G\u00e9lin"},"content":{"rendered":"\n<div class=\"wp-block-image\"><figure class=\"alignright size-large\"><img decoding=\"async\" src=\"https:\/\/www.sitercl.com\/Clubs\/France\/rennesst.gif\" alt=\"\"\/><\/figure><\/div>\n\n\n\n<p>Selon <em>L&rsquo;Equipe<\/em>, le RC Lens a d\u00e9cid\u00e9 d&rsquo;acc\u00e9l\u00e9rer dans le dossier menant \u00e0 J\u00e9r\u00e9my G\u00e9lin. S\u00e9duit par le projet, le d\u00e9fenseur rennais de 23 ans, \u00e9l\u00e9gant relanceur, dispose maintenant d&rsquo;une proposition contractuelle de la part des Sang et Or. Reste d\u00e9sormais \u00e0 ce que les deux clubs trouvent eux aussi un accord.<\/p>\n","protected":false},"excerpt":{"rendered":"<p>Selon L&rsquo;Equipe, le RC Lens a d\u00e9cid\u00e9 d&rsquo;acc\u00e9l\u00e9rer dans le dossier menant \u00e0 J\u00e9r\u00e9my G\u00e9lin. S\u00e9duit par le projet, le d\u00e9fenseur rennais de 23 ans, \u00e9l\u00e9gant relanceur, dispose maintenant d&rsquo;une proposition contractuelle de la part des Sang et Or. Reste d\u00e9sormais \u00e0 ce que les deux clubs trouvent eux aussi un accord.<\/p>\n","protected":false},"author":2,"featured_media":0,"comment_status":"closed","ping_status":"open","sticky":false,"template":"","format":"standard","meta":{"footnotes":""},"categories":[2],"tags":[310,64,348],"class_list":["post-3315","post","type-post","status-publish","format-standard","hentry","category-infos","tag-gelin","tag-mercato","tag-rennes"],"_links":{"self":[{"href":"https:\/\/www.sitercl.com\/News\/index.php?rest_route=\/wp\/v2\/posts\/3315","targetHints":{"allow":["GET"]}}],"collection":[{"href":"https:\/\/www.sitercl.com\/News\/index.php?rest_route=\/wp\/v2\/posts"}],"about":[{"href":"https:\/\/www.sitercl.com\/News\/index.php?rest_route=\/wp\/v2\/types\/post"}],"author":[{"embeddable":true,"href":"https:\/\/www.sitercl.com\/News\/index.php?rest_route=\/wp\/v2\/users\/2"}],"replies":[{"embeddable":true,"href":"https:\/\/www.sitercl.com\/News\/index.php?rest_route=%2Fwp%2Fv2%2Fcomments&post=3315"}],"version-history":[{"count":1,"href":"https:\/\/www.sitercl.com\/News\/index.php?rest_route=\/wp\/v2\/posts\/3315\/revisions"}],"predecessor-version":[{"id":3316,"href":"https:\/\/www.sitercl.com\/News\/index.php?rest_route=\/wp\/v2\/posts\/3315\/revisions\/3316"}],"wp:attachment":[{"href":"https:\/\/www.sitercl.com\/News\/index.php?rest_route=%2Fwp%2Fv2%2Fmedia&parent=3315"}],"wp:term":[{"taxonomy":"category","embeddable":true,"href":"https:\/\/www.sitercl.com\/News\/index.php?rest_route=%2Fwp%2Fv2%2Fcategories&post=3315"},{"taxonomy":"post_tag","embeddable":true,"href":"https:\/\/www.sitercl.com\/News\/index.php?rest_route=%2Fwp%2Fv2%2Ftags&post=3315"}],"curies":[{"name":"wp","href":"https:\/\/api.w.org\/{rel}","templated":true}]}}