{"id":3353,"date":"2020-07-11T19:11:25","date_gmt":"2020-07-11T17:11:25","guid":{"rendered":"https:\/\/www.sitercl.com\/News\/?p=3353"},"modified":"2020-07-12T12:07:00","modified_gmt":"2020-07-12T10:07:00","slug":"valerien-ismael-limoge","status":"publish","type":"post","link":"https:\/\/www.sitercl.com\/News\/?p=3353","title":{"rendered":"Val\u00e9rien Isma\u00ebl limog\u00e9"},"content":{"rendered":"\n<div class=\"wp-block-image\"><figure class=\"alignright size-large\"><img decoding=\"async\" src=\"https:\/\/www.sitercl.com\/Fichejo\/I\/ismaelva.gif\" alt=\"\"\/><\/figure><\/div>\n\n\n\n<p>Arriv\u00e9 l&rsquo;\u00e9t\u00e9 dernier pour entra\u00eener le LASK, club autrichien de la ville de Linz, <strong>Val\u00e9rien Isma\u00ebl<\/strong> (44 ans) a \u00e9t\u00e9 limog\u00e9 par ses dirigeants apr\u00e8s la fin du Championnat.<br>L&rsquo;ancien joueur lensois a fait les frais d&rsquo;une reprise de championnat apr\u00e8s le confinement difficile : plusieurs d\u00e9faites contre des concurrents directs et la perte de six points pour avoir enfreint les r\u00e8gles sanitaires \u00e0 l&rsquo;entra\u00eenement, le LASK a termin\u00e9 4e des play-offs, loin derri\u00e8re le champion, le RB Salzbourg.<\/p>\n\n\n\n<p>L&rsquo;occasion aussi de donner quelques nouvelles d&rsquo;anciens lensois : Apr\u00e8s avoir pass\u00e9 la saison 2019\/20 en pr\u00eat avec le VA FC,\u00a0<strong>Baptiste Guillaume<\/strong>\u00a0est transf\u00e9r\u00e9 d\u00e9finitivement au club. <strong>Mathias Autret<\/strong> passe de Brest \u00e0 l&rsquo;AJA. Il y trouvera <strong>K\u00e9vin Fortun\u00e9<\/strong>.\u00a0<strong>Thomas Ephestion<\/strong> passe d&rsquo;Orl\u00e9ans en Belgique (Westerlo). Un an apr\u00e8s la fin de sa carri\u00e8re, <strong>S\u00e9bastien Roudet<\/strong> va rejouer en National 3, au FC Deols. Quant \u00e0 l&rsquo;ancien gardien,<strong> J\u00e9r\u00e9my Vachoux<\/strong>, pas conserv\u00e9 par Orl\u00e9ans, il est actuellement \u00e0 l&rsquo;essai \u00e0 Dunkerque.<\/p>\n","protected":false},"excerpt":{"rendered":"<p>Arriv\u00e9 l&rsquo;\u00e9t\u00e9 dernier pour entra\u00eener le LASK, club autrichien de la ville de Linz, Val\u00e9rien Isma\u00ebl (44 ans) a \u00e9t\u00e9 limog\u00e9 par ses dirigeants apr\u00e8s la fin du Championnat.L&rsquo;ancien joueur lensois a fait les frais d&rsquo;une reprise de championnat apr\u00e8s le confinement difficile : plusieurs d\u00e9faites contre des concurrents directs et la perte de six &hellip; <a href=\"https:\/\/www.sitercl.com\/News\/?p=3353\" class=\"more-link\">Continuer la lecture<span class=\"screen-reader-text\"> de &laquo;&nbsp;Val\u00e9rien Isma\u00ebl limog\u00e9&nbsp;&raquo;<\/span><\/a><\/p>\n","protected":false},"author":2,"featured_media":0,"comment_status":"closed","ping_status":"open","sticky":false,"template":"","format":"standard","meta":{"footnotes":""},"categories":[2],"tags":[77,355,357,356,354,353,358,89],"class_list":["post-3353","post","type-post","status-publish","format-standard","hentry","category-infos","tag-ancien","tag-autret","tag-ephestion","tag-fortune","tag-guillaume","tag-ismael","tag-roudet","tag-vachoux"],"_links":{"self":[{"href":"https:\/\/www.sitercl.com\/News\/index.php?rest_route=\/wp\/v2\/posts\/3353","targetHints":{"allow":["GET"]}}],"collection":[{"href":"https:\/\/www.sitercl.com\/News\/index.php?rest_route=\/wp\/v2\/posts"}],"about":[{"href":"https:\/\/www.sitercl.com\/News\/index.php?rest_route=\/wp\/v2\/types\/post"}],"author":[{"embeddable":true,"href":"https:\/\/www.sitercl.com\/News\/index.php?rest_route=\/wp\/v2\/users\/2"}],"replies":[{"embeddable":true,"href":"https:\/\/www.sitercl.com\/News\/index.php?rest_route=%2Fwp%2Fv2%2Fcomments&post=3353"}],"version-history":[{"count":3,"href":"https:\/\/www.sitercl.com\/News\/index.php?rest_route=\/wp\/v2\/posts\/3353\/revisions"}],"predecessor-version":[{"id":3356,"href":"https:\/\/www.sitercl.com\/News\/index.php?rest_route=\/wp\/v2\/posts\/3353\/revisions\/3356"}],"wp:attachment":[{"href":"https:\/\/www.sitercl.com\/News\/index.php?rest_route=%2Fwp%2Fv2%2Fmedia&parent=3353"}],"wp:term":[{"taxonomy":"category","embeddable":true,"href":"https:\/\/www.sitercl.com\/News\/index.php?rest_route=%2Fwp%2Fv2%2Fcategories&post=3353"},{"taxonomy":"post_tag","embeddable":true,"href":"https:\/\/www.sitercl.com\/News\/index.php?rest_route=%2Fwp%2Fv2%2Ftags&post=3353"}],"curies":[{"name":"wp","href":"https:\/\/api.w.org\/{rel}","templated":true}]}}