{"id":3360,"date":"2020-07-15T19:09:44","date_gmt":"2020-07-15T17:09:44","guid":{"rendered":"https:\/\/www.sitercl.com\/News\/?p=3360"},"modified":"2020-07-15T19:18:19","modified_gmt":"2020-07-15T17:18:19","slug":"quatorzaine-pour-wuilker-farinez","status":"publish","type":"post","link":"https:\/\/www.sitercl.com\/News\/?p=3360","title":{"rendered":"Quatorzaine pour Wuilker Farinez"},"content":{"rendered":"\n<div class=\"wp-block-image\"><figure class=\"alignright size-large\"><img decoding=\"async\" src=\"https:\/\/www.sitercl.com\/Fichejo\/F\/farinezw.gif\" alt=\"\"\/><\/figure><\/div>\n\n\n\n<p>Si le gardien v\u00e9n\u00e9zu\u00e9lien <a href=\"https:\/\/www.sitercl.com\/Fichejo\/F\/farinezw.htm\">Wuilker Farinez<\/a> est bien arriv\u00e9 \u00e0 Lens depuis samedi dernier, il ne pourra pas tout de suite faire connaissance avec ses nouveaux co\u00e9quipiers\u2026<br>En effet, le club a annonc\u00e9 ce mercredi qu&rsquo;il a \u00e9t\u00e9 contr\u00f4l\u00e9 positif au coronavirus suite \u00e0 un test PCR. Une p\u00e9riode d&rsquo;isolement de quatorze jours lui a \u00e9t\u00e9 bien entendu imm\u00e9diatement proscrit et un nouveau d\u00e9pistage \u00e0 l&rsquo;issue de celle-ci sera effectu\u00e9 pour voir s&rsquo;il peut enfin int\u00e9grer le groupe.<\/p>\n","protected":false},"excerpt":{"rendered":"<p>Si le gardien v\u00e9n\u00e9zu\u00e9lien Wuilker Farinez est bien arriv\u00e9 \u00e0 Lens depuis samedi dernier, il ne pourra pas tout de suite faire connaissance avec ses nouveaux co\u00e9quipiers\u2026En effet, le club a annonc\u00e9 ce mercredi qu&rsquo;il a \u00e9t\u00e9 contr\u00f4l\u00e9 positif au coronavirus suite \u00e0 un test PCR. Une p\u00e9riode d&rsquo;isolement de quatorze jours lui a \u00e9t\u00e9 &hellip; <a href=\"https:\/\/www.sitercl.com\/News\/?p=3360\" class=\"more-link\">Continuer la lecture<span class=\"screen-reader-text\"> de &laquo;&nbsp;Quatorzaine pour Wuilker Farinez&nbsp;&raquo;<\/span><\/a><\/p>\n","protected":false},"author":2,"featured_media":0,"comment_status":"closed","ping_status":"open","sticky":false,"template":"","format":"standard","meta":{"footnotes":""},"categories":[2],"tags":[290,330,47],"class_list":["post-3360","post","type-post","status-publish","format-standard","hentry","category-infos","tag-covid-19","tag-farinez","tag-infirmerie"],"_links":{"self":[{"href":"https:\/\/www.sitercl.com\/News\/index.php?rest_route=\/wp\/v2\/posts\/3360","targetHints":{"allow":["GET"]}}],"collection":[{"href":"https:\/\/www.sitercl.com\/News\/index.php?rest_route=\/wp\/v2\/posts"}],"about":[{"href":"https:\/\/www.sitercl.com\/News\/index.php?rest_route=\/wp\/v2\/types\/post"}],"author":[{"embeddable":true,"href":"https:\/\/www.sitercl.com\/News\/index.php?rest_route=\/wp\/v2\/users\/2"}],"replies":[{"embeddable":true,"href":"https:\/\/www.sitercl.com\/News\/index.php?rest_route=%2Fwp%2Fv2%2Fcomments&post=3360"}],"version-history":[{"count":3,"href":"https:\/\/www.sitercl.com\/News\/index.php?rest_route=\/wp\/v2\/posts\/3360\/revisions"}],"predecessor-version":[{"id":3364,"href":"https:\/\/www.sitercl.com\/News\/index.php?rest_route=\/wp\/v2\/posts\/3360\/revisions\/3364"}],"wp:attachment":[{"href":"https:\/\/www.sitercl.com\/News\/index.php?rest_route=%2Fwp%2Fv2%2Fmedia&parent=3360"}],"wp:term":[{"taxonomy":"category","embeddable":true,"href":"https:\/\/www.sitercl.com\/News\/index.php?rest_route=%2Fwp%2Fv2%2Fcategories&post=3360"},{"taxonomy":"post_tag","embeddable":true,"href":"https:\/\/www.sitercl.com\/News\/index.php?rest_route=%2Fwp%2Fv2%2Ftags&post=3360"}],"curies":[{"name":"wp","href":"https:\/\/api.w.org\/{rel}","templated":true}]}}