{"id":3397,"date":"2020-07-28T19:11:22","date_gmt":"2020-07-28T17:11:22","guid":{"rendered":"https:\/\/www.sitercl.com\/News\/?p=3397"},"modified":"2020-07-28T19:11:22","modified_gmt":"2020-07-28T17:11:22","slug":"la-reserve-en-pause-forcee","status":"publish","type":"post","link":"https:\/\/www.sitercl.com\/News\/?p=3397","title":{"rendered":"La r\u00e9serve en pause forc\u00e9e"},"content":{"rendered":"\n<div class=\"wp-block-image\"><figure class=\"alignright size-large is-resized\"><img loading=\"lazy\" decoding=\"async\" src=\"https:\/\/www.sitercl.com\/News\/wp-content\/uploads\/2018\/12\/infirmerie.jpg\" alt=\"\" class=\"wp-image-214\" width=\"127\" height=\"169\" srcset=\"https:\/\/www.sitercl.com\/News\/wp-content\/uploads\/2018\/12\/infirmerie.jpg 253w, https:\/\/www.sitercl.com\/News\/wp-content\/uploads\/2018\/12\/infirmerie-225x300.jpg 225w\" sizes=\"auto, (max-width: 127px) 85vw, 127px\" \/><\/figure><\/div>\n\n\n\n<p>Apr\u00e8s <a href=\"https:\/\/www.sitercl.com\/News\/?p=3360\">Wuilker Farinez<\/a> et un <a href=\"https:\/\/www.sitercl.com\/News\/?post_type=post&amp;p=3376\">membre du personnel<\/a> de la boutique, c&rsquo;est maintenant au niveau de l&rsquo;\u00e9quipe r\u00e9serve que la Covid-19 vient chambouler l&rsquo;agenda du RC Lens\u2026<br>En effet, selon <em>La Voix Du Nord<\/em>, un joueur \u00e9voluant au sein de la r\u00e9serve lensoise est suspect\u00e9 d&rsquo;avoir attrap\u00e9 la maladie. Par s\u00e9curit\u00e9, les \u00e9quipes qui s\u2019entra\u00eenent actuellement \u00e0 la Gaillette (les pros \u00e9tant en stage) sont \u00ab\u00a0\u00e0 l\u2019arr\u00eat pendant 2-3 jours\u00a0\u00bb. Des tests vont \u00e9videmment \u00eatre effectu\u00e9s sur le joueur afin de lever le doute. Des tests qui seront \u00e9largis aux autres \u00e9quipes en cas de r\u00e9sultat positif.<\/p>\n","protected":false},"excerpt":{"rendered":"<p>Apr\u00e8s Wuilker Farinez et un membre du personnel de la boutique, c&rsquo;est maintenant au niveau de l&rsquo;\u00e9quipe r\u00e9serve que la Covid-19 vient chambouler l&rsquo;agenda du RC Lens\u2026En effet, selon La Voix Du Nord, un joueur \u00e9voluant au sein de la r\u00e9serve lensoise est suspect\u00e9 d&rsquo;avoir attrap\u00e9 la maladie. Par s\u00e9curit\u00e9, les \u00e9quipes qui s\u2019entra\u00eenent actuellement &hellip; <a href=\"https:\/\/www.sitercl.com\/News\/?p=3397\" class=\"more-link\">Continuer la lecture<span class=\"screen-reader-text\"> de &laquo;&nbsp;La r\u00e9serve en pause forc\u00e9e&nbsp;&raquo;<\/span><\/a><\/p>\n","protected":false},"author":2,"featured_media":0,"comment_status":"closed","ping_status":"open","sticky":false,"template":"","format":"standard","meta":{"footnotes":""},"categories":[2],"tags":[290,47,160],"class_list":["post-3397","post","type-post","status-publish","format-standard","hentry","category-infos","tag-covid-19","tag-infirmerie","tag-reserve"],"_links":{"self":[{"href":"https:\/\/www.sitercl.com\/News\/index.php?rest_route=\/wp\/v2\/posts\/3397","targetHints":{"allow":["GET"]}}],"collection":[{"href":"https:\/\/www.sitercl.com\/News\/index.php?rest_route=\/wp\/v2\/posts"}],"about":[{"href":"https:\/\/www.sitercl.com\/News\/index.php?rest_route=\/wp\/v2\/types\/post"}],"author":[{"embeddable":true,"href":"https:\/\/www.sitercl.com\/News\/index.php?rest_route=\/wp\/v2\/users\/2"}],"replies":[{"embeddable":true,"href":"https:\/\/www.sitercl.com\/News\/index.php?rest_route=%2Fwp%2Fv2%2Fcomments&post=3397"}],"version-history":[{"count":1,"href":"https:\/\/www.sitercl.com\/News\/index.php?rest_route=\/wp\/v2\/posts\/3397\/revisions"}],"predecessor-version":[{"id":3398,"href":"https:\/\/www.sitercl.com\/News\/index.php?rest_route=\/wp\/v2\/posts\/3397\/revisions\/3398"}],"wp:attachment":[{"href":"https:\/\/www.sitercl.com\/News\/index.php?rest_route=%2Fwp%2Fv2%2Fmedia&parent=3397"}],"wp:term":[{"taxonomy":"category","embeddable":true,"href":"https:\/\/www.sitercl.com\/News\/index.php?rest_route=%2Fwp%2Fv2%2Fcategories&post=3397"},{"taxonomy":"post_tag","embeddable":true,"href":"https:\/\/www.sitercl.com\/News\/index.php?rest_route=%2Fwp%2Fv2%2Ftags&post=3397"}],"curies":[{"name":"wp","href":"https:\/\/api.w.org\/{rel}","templated":true}]}}