{"id":3430,"date":"2020-08-07T18:53:52","date_gmt":"2020-08-07T16:53:52","guid":{"rendered":"https:\/\/www.sitercl.com\/News\/?p=3430"},"modified":"2020-08-07T20:10:58","modified_gmt":"2020-08-07T18:10:58","slug":"arial-mendy-au-servette-fc","status":"publish","type":"post","link":"https:\/\/www.sitercl.com\/News\/?p=3430","title":{"rendered":"Arial Mendy au Servette FC"},"content":{"rendered":"\n<div class=\"wp-block-image\"><figure class=\"alignright size-large\"><img decoding=\"async\" src=\"https:\/\/www.sitercl.com\/Fichejo\/M\/mendyari.gif\" alt=\"\"\/><\/figure><\/div>\n\n\n\n<p>De retour de pr\u00eat de l&rsquo;US Orl\u00e9ans, Arial Mendy ne restera pas au RC Lens. Plus forc\u00e9ment dans les plans de Franck Haise, le d\u00e9fenseur avait pourtant d\u00e9clin\u00e9 il y a quelques semaines une offre d&rsquo;Ajaccio mais il a donc maintenant par contre donn\u00e9 suite au Servette Gen\u00e8ve (D1 Suisse) o\u00f9 il est transf\u00e9r\u00e9 d\u00e9finitivement avec un contrat de deux saisons.<\/p>\n","protected":false},"excerpt":{"rendered":"<p>De retour de pr\u00eat de l&rsquo;US Orl\u00e9ans, Arial Mendy ne restera pas au RC Lens. Plus forc\u00e9ment dans les plans de Franck Haise, le d\u00e9fenseur avait pourtant d\u00e9clin\u00e9 il y a quelques semaines une offre d&rsquo;Ajaccio mais il a donc maintenant par contre donn\u00e9 suite au Servette Gen\u00e8ve (D1 Suisse) o\u00f9 il est transf\u00e9r\u00e9 d\u00e9finitivement &hellip; <a href=\"https:\/\/www.sitercl.com\/News\/?p=3430\" class=\"more-link\">Continuer la lecture<span class=\"screen-reader-text\"> de &laquo;&nbsp;Arial Mendy au Servette FC&nbsp;&raquo;<\/span><\/a><\/p>\n","protected":false},"author":2,"featured_media":0,"comment_status":"closed","ping_status":"open","sticky":false,"template":"","format":"standard","meta":{"footnotes":""},"categories":[2],"tags":[52,64,371,58],"class_list":["post-3430","post","type-post","status-publish","format-standard","hentry","category-infos","tag-mendy","tag-mercato","tag-servette","tag-transfert"],"_links":{"self":[{"href":"https:\/\/www.sitercl.com\/News\/index.php?rest_route=\/wp\/v2\/posts\/3430","targetHints":{"allow":["GET"]}}],"collection":[{"href":"https:\/\/www.sitercl.com\/News\/index.php?rest_route=\/wp\/v2\/posts"}],"about":[{"href":"https:\/\/www.sitercl.com\/News\/index.php?rest_route=\/wp\/v2\/types\/post"}],"author":[{"embeddable":true,"href":"https:\/\/www.sitercl.com\/News\/index.php?rest_route=\/wp\/v2\/users\/2"}],"replies":[{"embeddable":true,"href":"https:\/\/www.sitercl.com\/News\/index.php?rest_route=%2Fwp%2Fv2%2Fcomments&post=3430"}],"version-history":[{"count":3,"href":"https:\/\/www.sitercl.com\/News\/index.php?rest_route=\/wp\/v2\/posts\/3430\/revisions"}],"predecessor-version":[{"id":3433,"href":"https:\/\/www.sitercl.com\/News\/index.php?rest_route=\/wp\/v2\/posts\/3430\/revisions\/3433"}],"wp:attachment":[{"href":"https:\/\/www.sitercl.com\/News\/index.php?rest_route=%2Fwp%2Fv2%2Fmedia&parent=3430"}],"wp:term":[{"taxonomy":"category","embeddable":true,"href":"https:\/\/www.sitercl.com\/News\/index.php?rest_route=%2Fwp%2Fv2%2Fcategories&post=3430"},{"taxonomy":"post_tag","embeddable":true,"href":"https:\/\/www.sitercl.com\/News\/index.php?rest_route=%2Fwp%2Fv2%2Ftags&post=3430"}],"curies":[{"name":"wp","href":"https:\/\/api.w.org\/{rel}","templated":true}]}}