{"id":3501,"date":"2020-08-25T10:03:09","date_gmt":"2020-08-25T08:03:09","guid":{"rendered":"https:\/\/www.sitercl.com\/News\/?p=3501"},"modified":"2020-08-25T10:10:48","modified_gmt":"2020-08-25T08:10:48","slug":"report-du-match-face-au-psg","status":"publish","type":"post","link":"https:\/\/www.sitercl.com\/News\/?p=3501","title":{"rendered":"Report du match face au PSG ?"},"content":{"rendered":"\n<div class=\"wp-block-image\"><figure class=\"alignright size-large\"><img decoding=\"async\" src=\"https:\/\/www.sitercl.com\/Clubs\/France\/parissg.gif\" alt=\"\"\/><\/figure><\/div>\n\n\n\n<p>Le bureau de la Ligue de football professionnel va examiner ce mardi la demande du PSG de reporter son match de Ligue\u00a01 programm\u00e9 \u00e0 Lens ce samedi (21\u00a0heures).<br>Les dirigeants du PSG estime en effet la rencontre pr\u00e9matur\u00e9e suite \u00e0 leur retour lundi de Lisbonne et apr\u00e8s leur final de Ligue des Champions perdue face au Bayern (1-0).<br>La rencontre pourrait \u00eatre alors d\u00e9cal\u00e9e au 10 septembre prochain. <\/p>\n","protected":false},"excerpt":{"rendered":"<p>Le bureau de la Ligue de football professionnel va examiner ce mardi la demande du PSG de reporter son match de Ligue\u00a01 programm\u00e9 \u00e0 Lens ce samedi (21\u00a0heures).Les dirigeants du PSG estime en effet la rencontre pr\u00e9matur\u00e9e suite \u00e0 leur retour lundi de Lisbonne et apr\u00e8s leur final de Ligue des Champions perdue face au &hellip; <a href=\"https:\/\/www.sitercl.com\/News\/?p=3501\" class=\"more-link\">Continuer la lecture<span class=\"screen-reader-text\"> de &laquo;&nbsp;Report du match face au PSG ?&nbsp;&raquo;<\/span><\/a><\/p>\n","protected":false},"author":2,"featured_media":0,"comment_status":"closed","ping_status":"open","sticky":false,"template":"","format":"standard","meta":{"footnotes":""},"categories":[2],"tags":[36,114,151,131],"class_list":["post-3501","post","type-post","status-publish","format-standard","hentry","category-infos","tag-calendrier","tag-lfp","tag-ligue-1","tag-psg"],"_links":{"self":[{"href":"https:\/\/www.sitercl.com\/News\/index.php?rest_route=\/wp\/v2\/posts\/3501","targetHints":{"allow":["GET"]}}],"collection":[{"href":"https:\/\/www.sitercl.com\/News\/index.php?rest_route=\/wp\/v2\/posts"}],"about":[{"href":"https:\/\/www.sitercl.com\/News\/index.php?rest_route=\/wp\/v2\/types\/post"}],"author":[{"embeddable":true,"href":"https:\/\/www.sitercl.com\/News\/index.php?rest_route=\/wp\/v2\/users\/2"}],"replies":[{"embeddable":true,"href":"https:\/\/www.sitercl.com\/News\/index.php?rest_route=%2Fwp%2Fv2%2Fcomments&post=3501"}],"version-history":[{"count":2,"href":"https:\/\/www.sitercl.com\/News\/index.php?rest_route=\/wp\/v2\/posts\/3501\/revisions"}],"predecessor-version":[{"id":3503,"href":"https:\/\/www.sitercl.com\/News\/index.php?rest_route=\/wp\/v2\/posts\/3501\/revisions\/3503"}],"wp:attachment":[{"href":"https:\/\/www.sitercl.com\/News\/index.php?rest_route=%2Fwp%2Fv2%2Fmedia&parent=3501"}],"wp:term":[{"taxonomy":"category","embeddable":true,"href":"https:\/\/www.sitercl.com\/News\/index.php?rest_route=%2Fwp%2Fv2%2Fcategories&post=3501"},{"taxonomy":"post_tag","embeddable":true,"href":"https:\/\/www.sitercl.com\/News\/index.php?rest_route=%2Fwp%2Fv2%2Ftags&post=3501"}],"curies":[{"name":"wp","href":"https:\/\/api.w.org\/{rel}","templated":true}]}}