{"id":3505,"date":"2020-08-25T14:56:39","date_gmt":"2020-08-25T12:56:39","guid":{"rendered":"https:\/\/www.sitercl.com\/News\/?p=3505"},"modified":"2020-08-25T20:21:53","modified_gmt":"2020-08-25T18:21:53","slug":"lens-psg-le-10-septembre","status":"publish","type":"post","link":"https:\/\/www.sitercl.com\/News\/?p=3505","title":{"rendered":"Lens &#8211; PSG, le 10 septembre"},"content":{"rendered":"\n<div class=\"wp-block-image\"><figure class=\"alignright size-large\"><img loading=\"lazy\" decoding=\"async\" width=\"127\" height=\"189\" src=\"https:\/\/www.sitercl.com\/News\/wp-content\/uploads\/2020\/06\/Ligue1UE.jpg\" alt=\"\" class=\"wp-image-3291\"\/><\/figure><\/div>\n\n\n\n<p>C&rsquo;est maintenant officiel, \u00e0 la demande du&nbsp;Paris Saint-Germain&nbsp;et en accord avec le club du&nbsp;RC Lens&nbsp;et le diffuseur Canal+, le Bureau de la LFP, r\u00e9uni ce jour, a d\u00e9cid\u00e9 de reporter la rencontre opposant le RC Lens au Paris Saint-Germain, initialement pr\u00e9vue le samedi 29 ao\u00fbt \u00e0 21h00, au jeudi 10 septembre \u00e0 21h00.<\/p>\n\n\n\n<p>Par ailleurs, la rencontre opposant le RC Strasbourg Alsace \u00e0 l\u2019OGC Nice, initialement pr\u00e9vue le dimanche 30 ao\u00fbt \u00e0 17h00, est avanc\u00e9e au samedi 29 ao\u00fbt \u00e0 21h00 en accord avec les deux clubs et le diffuseur Canal+.<\/p>\n\n\n\n<p><strong>Le programme de la 2e journ\u00e9e de Ligue 1<\/strong> :<br><br>Vendredi 28 ao\u00fbt \u00e0 21h sur T\u00e9l\u00e9foot<br>Lyon \u2013 Dijon<\/p>\n\n\n\n<p>Samedi 29 ao\u00fbt \u00e0 17h sur T\u00e9l\u00e9foot<br>Rennes \u2013 Montpellier<\/p>\n\n\n\n<p>Samedi 29 ao\u00fbt \u00e0 21h sur Canal+<br>Strasbourg \u2013  Nice<\/p>\n\n\n\n<p>Dimanche 30 ao\u00fbt \u00e0 13h sur T\u00e9l\u00e9foot<br>Reims \u2013 Lille<\/p>\n\n\n\n<p>Dimanche 30 ao\u00fbt \u00e0 15h sur T\u00e9l\u00e9foot :<br>Angers \u2013 Bordeaux<br>Metz \u2013 Monaco<br>Nantes \u2013 N\u00eemes<br>Saint-Etienne \u2013 Lorient<\/p>\n\n\n\n<p>Dimanche 30 ao\u00fbt \u00e0 21h sur T\u00e9l\u00e9foot<br>Brest \u2013 Marseille<\/p>\n\n\n\n<p><strong>Jeudi 10 septembre \u00e0 21h00 sur Canal+<br>Lens &#8211; PSG<\/strong><\/p>\n","protected":false},"excerpt":{"rendered":"<p>C&rsquo;est maintenant officiel, \u00e0 la demande du&nbsp;Paris Saint-Germain&nbsp;et en accord avec le club du&nbsp;RC Lens&nbsp;et le diffuseur Canal+, le Bureau de la LFP, r\u00e9uni ce jour, a d\u00e9cid\u00e9 de reporter la rencontre opposant le RC Lens au Paris Saint-Germain, initialement pr\u00e9vue le samedi 29 ao\u00fbt \u00e0 21h00, au jeudi 10 septembre \u00e0 21h00. Par ailleurs, &hellip; <a href=\"https:\/\/www.sitercl.com\/News\/?p=3505\" class=\"more-link\">Continuer la lecture<span class=\"screen-reader-text\"> de &laquo;&nbsp;Lens &#8211; PSG, le 10 septembre&nbsp;&raquo;<\/span><\/a><\/p>\n","protected":false},"author":2,"featured_media":0,"comment_status":"closed","ping_status":"open","sticky":false,"template":"","format":"standard","meta":{"footnotes":""},"categories":[2],"tags":[36,151,17,131,259],"class_list":["post-3505","post","type-post","status-publish","format-standard","hentry","category-infos","tag-calendrier","tag-ligue-1","tag-programme","tag-psg","tag-report"],"_links":{"self":[{"href":"https:\/\/www.sitercl.com\/News\/index.php?rest_route=\/wp\/v2\/posts\/3505","targetHints":{"allow":["GET"]}}],"collection":[{"href":"https:\/\/www.sitercl.com\/News\/index.php?rest_route=\/wp\/v2\/posts"}],"about":[{"href":"https:\/\/www.sitercl.com\/News\/index.php?rest_route=\/wp\/v2\/types\/post"}],"author":[{"embeddable":true,"href":"https:\/\/www.sitercl.com\/News\/index.php?rest_route=\/wp\/v2\/users\/2"}],"replies":[{"embeddable":true,"href":"https:\/\/www.sitercl.com\/News\/index.php?rest_route=%2Fwp%2Fv2%2Fcomments&post=3505"}],"version-history":[{"count":2,"href":"https:\/\/www.sitercl.com\/News\/index.php?rest_route=\/wp\/v2\/posts\/3505\/revisions"}],"predecessor-version":[{"id":3509,"href":"https:\/\/www.sitercl.com\/News\/index.php?rest_route=\/wp\/v2\/posts\/3505\/revisions\/3509"}],"wp:attachment":[{"href":"https:\/\/www.sitercl.com\/News\/index.php?rest_route=%2Fwp%2Fv2%2Fmedia&parent=3505"}],"wp:term":[{"taxonomy":"category","embeddable":true,"href":"https:\/\/www.sitercl.com\/News\/index.php?rest_route=%2Fwp%2Fv2%2Fcategories&post=3505"},{"taxonomy":"post_tag","embeddable":true,"href":"https:\/\/www.sitercl.com\/News\/index.php?rest_route=%2Fwp%2Fv2%2Ftags&post=3505"}],"curies":[{"name":"wp","href":"https:\/\/api.w.org\/{rel}","templated":true}]}}