{"id":3507,"date":"2020-08-25T20:21:36","date_gmt":"2020-08-25T18:21:36","guid":{"rendered":"https:\/\/www.sitercl.com\/News\/?p=3507"},"modified":"2020-08-26T12:36:55","modified_gmt":"2020-08-26T10:36:55","slug":"un-report-qui-ne-plait-pas-a-tous","status":"publish","type":"post","link":"https:\/\/www.sitercl.com\/News\/?p=3507","title":{"rendered":"Un report qui ne pla\u00eet pas \u00e0 tous"},"content":{"rendered":"\n<div class=\"wp-block-image\"><figure class=\"alignright size-large\"><img decoding=\"async\" src=\"https:\/\/www.sitercl.com\/Divers\/portvoix.gif\" alt=\"\"\/><\/figure><\/div>\n\n\n\n<p>Si le RC Lens a bien donn\u00e9 son accord par \u00ab\u00a0fair-play\u00a0\u00bb pour le report du match face au PSG, cette d\u00e9cision laisse quand m\u00eame un go\u00fbt amer\u00a0\u00e0 plusieurs personnes.<\/p>\n\n\n\n<p>A moins que la jauge de Bollaert-Delelis puisse \u00eatre augment\u00e9e d&rsquo;ici l\u00e0 (mais ce n&rsquo;est malheureusement pas ce que peut laisser penser l&rsquo;\u00e9tat des contaminations au Coronavirus), le peu de supporters qui pourront \u00eatre pr\u00e9sents devront se d\u00e9placer un soir de semaine (jeudi). Pour tous, se pose aussi la question de savoir si la p\u00e9riode de trois jours qui va s\u00e9parer ce match et celui face \u00e0 Lorient (3e journ\u00e9e) ne sera pas trop courte.<\/p>\n\n\n\n<p>Le maire de Lens (PS), Sylvain Robert estime lui aussi ce report d\u00e9plac\u00e9 : \u00ab\u00a0(&#8230;) <em>Comment expliquer aux supporters Sang et Or qu&rsquo;ils devront se d\u00e9placer en semaine pour supporter leur \u00e9quipe parce que le PSG frustr\u00e9 par sa d\u00e9faite sollicite un report de match&nbsp;? Soyons s\u00e9rieux, on joue la Ligue&nbsp;1 Uber Eats, pas la Ligue&nbsp;1 PSG. <\/em>\u00ab\u00a0<\/p>\n\n\n\n<p>Pour le journaliste Vincent Duluc de <em>L&rsquo;Equipe<\/em>, ce choix est une honte : \u00ab\u00a0<em>Lens-PSG report\u00e9 ? Une honte. Un m\u00e9pris absolu de Lens et de la Ligue 1. Il fallait au moins le d\u00e9cider apr\u00e8s la demi-finale. Apr\u00e8s cinq matchs en un mois, quel est le but ? Aider le PSG \u00e0 se remettre de sa d\u00e9faite ? Ce n\u2019est pas \u00e7a le sport. Le sport, c\u2019est rejouer six jours apr\u00e8s. (\u2026) Diriger la Ligue ne consiste pas \u00e0 permettre les arrangements entre amis mais \u00e0 d\u00e9fendre une comp\u00e9tition, son \u00e9quit\u00e9, son image<\/em> \u00ab\u00a0.<\/p>\n\n\n\n<p>Quant \u00e0&nbsp;Pierre M\u00e9n\u00e8s (Canal+),&nbsp;il tacle la LFP :&nbsp;\u00ab\u00a0<em>Lens-PSG d\u00e9cal\u00e9 au 10 septembre, soit deux jours apr\u00e8s France-Croatie et 3 jours avant l\u2019OM.&nbsp;Y a quelqu\u2019un qui r\u00e9fl\u00e9chit \u00e0 la ligue et \u00e7a le bordel absolu ? <\/em>\u00ab\u00a0<\/p>\n","protected":false},"excerpt":{"rendered":"<p>Si le RC Lens a bien donn\u00e9 son accord par \u00ab\u00a0fair-play\u00a0\u00bb pour le report du match face au PSG, cette d\u00e9cision laisse quand m\u00eame un go\u00fbt amer\u00a0\u00e0 plusieurs personnes. A moins que la jauge de Bollaert-Delelis puisse \u00eatre augment\u00e9e d&rsquo;ici l\u00e0 (mais ce n&rsquo;est malheureusement pas ce que peut laisser penser l&rsquo;\u00e9tat des contaminations au &hellip; <a href=\"https:\/\/www.sitercl.com\/News\/?p=3507\" class=\"more-link\">Continuer la lecture<span class=\"screen-reader-text\"> de &laquo;&nbsp;Un report qui ne pla\u00eet pas \u00e0 tous&nbsp;&raquo;<\/span><\/a><\/p>\n","protected":false},"author":2,"featured_media":0,"comment_status":"closed","ping_status":"open","sticky":false,"template":"","format":"standard","meta":{"footnotes":""},"categories":[2],"tags":[151,380,131,259,14],"class_list":["post-3507","post","type-post","status-publish","format-standard","hentry","category-infos","tag-ligue-1","tag-opinion","tag-psg","tag-report","tag-supporters"],"_links":{"self":[{"href":"https:\/\/www.sitercl.com\/News\/index.php?rest_route=\/wp\/v2\/posts\/3507","targetHints":{"allow":["GET"]}}],"collection":[{"href":"https:\/\/www.sitercl.com\/News\/index.php?rest_route=\/wp\/v2\/posts"}],"about":[{"href":"https:\/\/www.sitercl.com\/News\/index.php?rest_route=\/wp\/v2\/types\/post"}],"author":[{"embeddable":true,"href":"https:\/\/www.sitercl.com\/News\/index.php?rest_route=\/wp\/v2\/users\/2"}],"replies":[{"embeddable":true,"href":"https:\/\/www.sitercl.com\/News\/index.php?rest_route=%2Fwp%2Fv2%2Fcomments&post=3507"}],"version-history":[{"count":4,"href":"https:\/\/www.sitercl.com\/News\/index.php?rest_route=\/wp\/v2\/posts\/3507\/revisions"}],"predecessor-version":[{"id":3514,"href":"https:\/\/www.sitercl.com\/News\/index.php?rest_route=\/wp\/v2\/posts\/3507\/revisions\/3514"}],"wp:attachment":[{"href":"https:\/\/www.sitercl.com\/News\/index.php?rest_route=%2Fwp%2Fv2%2Fmedia&parent=3507"}],"wp:term":[{"taxonomy":"category","embeddable":true,"href":"https:\/\/www.sitercl.com\/News\/index.php?rest_route=%2Fwp%2Fv2%2Fcategories&post=3507"},{"taxonomy":"post_tag","embeddable":true,"href":"https:\/\/www.sitercl.com\/News\/index.php?rest_route=%2Fwp%2Fv2%2Ftags&post=3507"}],"curies":[{"name":"wp","href":"https:\/\/api.w.org\/{rel}","templated":true}]}}