{"id":3519,"date":"2020-08-28T11:53:38","date_gmt":"2020-08-28T09:53:38","guid":{"rendered":"https:\/\/www.sitercl.com\/News\/?p=3519"},"modified":"2020-08-28T11:53:38","modified_gmt":"2020-08-28T09:53:38","slug":"le-cap-des-23-000-abonnes","status":"publish","type":"post","link":"https:\/\/www.sitercl.com\/News\/?p=3519","title":{"rendered":"Le cap des 23 000 abonn\u00e9s"},"content":{"rendered":"\n<div class=\"wp-block-image\"><figure class=\"alignright size-large\"><img decoding=\"async\" src=\"https:\/\/www.sitercl.com\/STADE0\/STADE1\/ST12PSsb.jpg\" alt=\"\"\/><\/figure><\/div>\n\n\n\n<p>Le RC Lens a d\u00e9pass\u00e9 les 23 000 abonn\u00e9s pour cette saison ! Et il esp\u00e8re toujours atteindre les 25 000 malgr\u00e9 le contexte du Covid-19&#8230;<\/p>\n\n\n\n<p>Reste qu&rsquo;abonn\u00e9 ou pas, il faudra pouvoir mettre plus de monde que la jauge des 5 000 personnes pour accueillir les supporters \u00e0 Bollaert-Delelis et pour le moment le (nouveau) pr\u00e9fet du Pas-de-Calais, a d\u00e9clar\u00e9 ne pas vouloir \u00ab\u00a0<em>\u00eatre \u00e0 l\u2019origine d\u2019un cluster \u00e0 Lens\u00a0<\/em>\u00bb.<\/p>\n\n\n\n<p>Le RCL a donc indiqu\u00e9 aux groupes de supporters que si ce nombre de 5 000 personnes ne bougeait pas, face au Paris Saint-Germain,\u00a0seuls les abonn\u00e9s de la Marek pourront y assister. Ils seront r\u00e9partis dans trois tribunes : Delacourt, Xerc\u00e8s et Trannin. Et si rien ne change, les autres tribunes seront convi\u00e9es \u00e0 assister aux matches suivants. Le club met donc en place un syst\u00e8me de rotation. Par ailleurs, le supporter sera rembours\u00e9 si la tribune dans laquelle il est abonn\u00e9 n\u2019est pas s\u00e9lectionn\u00e9e.<\/p>\n","protected":false},"excerpt":{"rendered":"<p>Le RC Lens a d\u00e9pass\u00e9 les 23 000 abonn\u00e9s pour cette saison ! Et il esp\u00e8re toujours atteindre les 25 000 malgr\u00e9 le contexte du Covid-19&#8230; Reste qu&rsquo;abonn\u00e9 ou pas, il faudra pouvoir mettre plus de monde que la jauge des 5 000 personnes pour accueillir les supporters \u00e0 Bollaert-Delelis et pour le moment le &hellip; <a href=\"https:\/\/www.sitercl.com\/News\/?p=3519\" class=\"more-link\">Continuer la lecture<span class=\"screen-reader-text\"> de &laquo;&nbsp;Le cap des 23 000 abonn\u00e9s&nbsp;&raquo;<\/span><\/a><\/p>\n","protected":false},"author":2,"featured_media":0,"comment_status":"closed","ping_status":"open","sticky":false,"template":"","format":"standard","meta":{"footnotes":""},"categories":[2],"tags":[55,54,290,14],"class_list":["post-3519","post","type-post","status-publish","format-standard","hentry","category-infos","tag-abonnement","tag-bollaert","tag-covid-19","tag-supporters"],"_links":{"self":[{"href":"https:\/\/www.sitercl.com\/News\/index.php?rest_route=\/wp\/v2\/posts\/3519","targetHints":{"allow":["GET"]}}],"collection":[{"href":"https:\/\/www.sitercl.com\/News\/index.php?rest_route=\/wp\/v2\/posts"}],"about":[{"href":"https:\/\/www.sitercl.com\/News\/index.php?rest_route=\/wp\/v2\/types\/post"}],"author":[{"embeddable":true,"href":"https:\/\/www.sitercl.com\/News\/index.php?rest_route=\/wp\/v2\/users\/2"}],"replies":[{"embeddable":true,"href":"https:\/\/www.sitercl.com\/News\/index.php?rest_route=%2Fwp%2Fv2%2Fcomments&post=3519"}],"version-history":[{"count":1,"href":"https:\/\/www.sitercl.com\/News\/index.php?rest_route=\/wp\/v2\/posts\/3519\/revisions"}],"predecessor-version":[{"id":3520,"href":"https:\/\/www.sitercl.com\/News\/index.php?rest_route=\/wp\/v2\/posts\/3519\/revisions\/3520"}],"wp:attachment":[{"href":"https:\/\/www.sitercl.com\/News\/index.php?rest_route=%2Fwp%2Fv2%2Fmedia&parent=3519"}],"wp:term":[{"taxonomy":"category","embeddable":true,"href":"https:\/\/www.sitercl.com\/News\/index.php?rest_route=%2Fwp%2Fv2%2Fcategories&post=3519"},{"taxonomy":"post_tag","embeddable":true,"href":"https:\/\/www.sitercl.com\/News\/index.php?rest_route=%2Fwp%2Fv2%2Ftags&post=3519"}],"curies":[{"name":"wp","href":"https:\/\/api.w.org\/{rel}","templated":true}]}}