{"id":3536,"date":"2020-09-01T15:04:00","date_gmt":"2020-09-01T13:04:00","guid":{"rendered":"https:\/\/www.sitercl.com\/News\/?p=3536"},"modified":"2020-09-01T15:06:12","modified_gmt":"2020-09-01T13:06:12","slug":"didier-deschamps-je-ne-suis-contraint-a-rien","status":"publish","type":"post","link":"https:\/\/www.sitercl.com\/News\/?p=3536","title":{"rendered":"Didier Deschamps \u00ab\u00a0Je ne suis contraint \u00e0 rien\u00a0\u00bb"},"content":{"rendered":"\n<div class=\"wp-block-image\"><figure class=\"alignright size-large\"><img decoding=\"async\" src=\"https:\/\/www.sitercl.com\/STADE0\/STADE1\/STADE2\/ST20ILmf.gif\" alt=\"\"\/><\/figure><\/div>\n\n\n\n<p>Interrog\u00e9 par <em>France Football,<\/em> le s\u00e9lectionneur des Bleus, Didier Deschamps a de nouveau indiqu\u00e9 qu&rsquo;il trouve surprenant le report du match Lens &#8211; PSG, voir g\u00eanant. Et il rappel que m\u00eame s&rsquo;il sait \u00eatre conciliant, surtout en cas de souci athl\u00e9tique, il ne fera pas de cadeau au PSG. Alors quand on lui demande si Mbapp\u00e9 sera sur le terrain contre la Croatie 48h avant sa rencontre avec le PSG face \u00e0 Lens ! Il r\u00e9pond ainsi : \u00ab\u00a0<em>On verra. Je ne suis contraint \u00e0 rien.<\/em> \u00bb<\/p>\n","protected":false},"excerpt":{"rendered":"<p>Interrog\u00e9 par France Football, le s\u00e9lectionneur des Bleus, Didier Deschamps a de nouveau indiqu\u00e9 qu&rsquo;il trouve surprenant le report du match Lens &#8211; PSG, voir g\u00eanant. Et il rappel que m\u00eame s&rsquo;il sait \u00eatre conciliant, surtout en cas de souci athl\u00e9tique, il ne fera pas de cadeau au PSG. Alors quand on lui demande si &hellip; <a href=\"https:\/\/www.sitercl.com\/News\/?p=3536\" class=\"more-link\">Continuer la lecture<span class=\"screen-reader-text\"> de &laquo;&nbsp;Didier Deschamps \u00ab\u00a0Je ne suis contraint \u00e0 rien\u00a0\u00bb&nbsp;&raquo;<\/span><\/a><\/p>\n","protected":false},"author":2,"featured_media":0,"comment_status":"closed","ping_status":"open","sticky":false,"template":"","format":"standard","meta":{"footnotes":""},"categories":[2],"tags":[238,171,151,131],"class_list":["post-3536","post","type-post","status-publish","format-standard","hentry","category-infos","tag-bleus","tag-interview","tag-ligue-1","tag-psg"],"_links":{"self":[{"href":"https:\/\/www.sitercl.com\/News\/index.php?rest_route=\/wp\/v2\/posts\/3536","targetHints":{"allow":["GET"]}}],"collection":[{"href":"https:\/\/www.sitercl.com\/News\/index.php?rest_route=\/wp\/v2\/posts"}],"about":[{"href":"https:\/\/www.sitercl.com\/News\/index.php?rest_route=\/wp\/v2\/types\/post"}],"author":[{"embeddable":true,"href":"https:\/\/www.sitercl.com\/News\/index.php?rest_route=\/wp\/v2\/users\/2"}],"replies":[{"embeddable":true,"href":"https:\/\/www.sitercl.com\/News\/index.php?rest_route=%2Fwp%2Fv2%2Fcomments&post=3536"}],"version-history":[{"count":3,"href":"https:\/\/www.sitercl.com\/News\/index.php?rest_route=\/wp\/v2\/posts\/3536\/revisions"}],"predecessor-version":[{"id":3539,"href":"https:\/\/www.sitercl.com\/News\/index.php?rest_route=\/wp\/v2\/posts\/3536\/revisions\/3539"}],"wp:attachment":[{"href":"https:\/\/www.sitercl.com\/News\/index.php?rest_route=%2Fwp%2Fv2%2Fmedia&parent=3536"}],"wp:term":[{"taxonomy":"category","embeddable":true,"href":"https:\/\/www.sitercl.com\/News\/index.php?rest_route=%2Fwp%2Fv2%2Fcategories&post=3536"},{"taxonomy":"post_tag","embeddable":true,"href":"https:\/\/www.sitercl.com\/News\/index.php?rest_route=%2Fwp%2Fv2%2Ftags&post=3536"}],"curies":[{"name":"wp","href":"https:\/\/api.w.org\/{rel}","templated":true}]}}