{"id":3553,"date":"2020-09-06T10:43:22","date_gmt":"2020-09-06T08:43:22","guid":{"rendered":"https:\/\/www.sitercl.com\/News\/?p=3553"},"modified":"2020-09-06T10:43:22","modified_gmt":"2020-09-06T08:43:22","slug":"haidara-et-pereira-da-costa-suspendus","status":"publish","type":"post","link":"https:\/\/www.sitercl.com\/News\/?p=3553","title":{"rendered":"Ha\u00efdara et Pereira Da Costa suspendus"},"content":{"rendered":"\n<div class=\"wp-block-image\"><figure class=\"alignright size-large\"><img loading=\"lazy\" decoding=\"async\" width=\"100\" height=\"107\" src=\"https:\/\/www.sitercl.com\/News\/wp-content\/uploads\/2018\/11\/cartons.jpg\" alt=\"\" class=\"wp-image-63\"\/><\/figure><\/div>\n\n\n\n<p>Pour la 4e journ\u00e9e de championnat de National 2, les joueurs de Yohan D\u00e9mont (\u00e9quipe Pro 2, 4e du classement), renforc\u00e9s par cinq joueurs pros, ont obtenu samedi un bon r\u00e9sultat nul face \u00e0 Sedan (0-0). Mais Massadio Ha\u00efdara et David Pereira Da Costa ont \u00e9t\u00e9 expuls\u00e9s durant cette rencontre. Une mauvaise nouvelles pour Franck Haise puisqu&rsquo;ils seront donc suspendus pour au moins un match et seront absents pour Lens \u2013 PSG de jeudi soir en Ligue 1.<\/p>\n","protected":false},"excerpt":{"rendered":"<p>Pour la 4e journ\u00e9e de championnat de National 2, les joueurs de Yohan D\u00e9mont (\u00e9quipe Pro 2, 4e du classement), renforc\u00e9s par cinq joueurs pros, ont obtenu samedi un bon r\u00e9sultat nul face \u00e0 Sedan (0-0). Mais Massadio Ha\u00efdara et David Pereira Da Costa ont \u00e9t\u00e9 expuls\u00e9s durant cette rencontre. Une mauvaise nouvelles pour Franck &hellip; <a href=\"https:\/\/www.sitercl.com\/News\/?p=3553\" class=\"more-link\">Continuer la lecture<span class=\"screen-reader-text\"> de &laquo;&nbsp;Ha\u00efdara et Pereira Da Costa suspendus&nbsp;&raquo;<\/span><\/a><\/p>\n","protected":false},"author":2,"featured_media":0,"comment_status":"closed","ping_status":"open","sticky":false,"template":"","format":"standard","meta":{"footnotes":""},"categories":[2],"tags":[10,44,151,73,131],"class_list":["post-3553","post","type-post","status-publish","format-standard","hentry","category-infos","tag-discipline","tag-haidara","tag-ligue-1","tag-pereira-da-costa","tag-psg"],"_links":{"self":[{"href":"https:\/\/www.sitercl.com\/News\/index.php?rest_route=\/wp\/v2\/posts\/3553","targetHints":{"allow":["GET"]}}],"collection":[{"href":"https:\/\/www.sitercl.com\/News\/index.php?rest_route=\/wp\/v2\/posts"}],"about":[{"href":"https:\/\/www.sitercl.com\/News\/index.php?rest_route=\/wp\/v2\/types\/post"}],"author":[{"embeddable":true,"href":"https:\/\/www.sitercl.com\/News\/index.php?rest_route=\/wp\/v2\/users\/2"}],"replies":[{"embeddable":true,"href":"https:\/\/www.sitercl.com\/News\/index.php?rest_route=%2Fwp%2Fv2%2Fcomments&post=3553"}],"version-history":[{"count":1,"href":"https:\/\/www.sitercl.com\/News\/index.php?rest_route=\/wp\/v2\/posts\/3553\/revisions"}],"predecessor-version":[{"id":3554,"href":"https:\/\/www.sitercl.com\/News\/index.php?rest_route=\/wp\/v2\/posts\/3553\/revisions\/3554"}],"wp:attachment":[{"href":"https:\/\/www.sitercl.com\/News\/index.php?rest_route=%2Fwp%2Fv2%2Fmedia&parent=3553"}],"wp:term":[{"taxonomy":"category","embeddable":true,"href":"https:\/\/www.sitercl.com\/News\/index.php?rest_route=%2Fwp%2Fv2%2Fcategories&post=3553"},{"taxonomy":"post_tag","embeddable":true,"href":"https:\/\/www.sitercl.com\/News\/index.php?rest_route=%2Fwp%2Fv2%2Ftags&post=3553"}],"curies":[{"name":"wp","href":"https:\/\/api.w.org\/{rel}","templated":true}]}}