{"id":3643,"date":"2020-09-21T19:44:22","date_gmt":"2020-09-21T17:44:22","guid":{"rendered":"https:\/\/www.sitercl.com\/News\/?p=3643"},"modified":"2020-09-21T19:44:22","modified_gmt":"2020-09-21T17:44:22","slug":"inquietude-pour-fofana","status":"publish","type":"post","link":"https:\/\/www.sitercl.com\/News\/?p=3643","title":{"rendered":"Inqui\u00e9tude pour Fofana"},"content":{"rendered":"\n<div class=\"wp-block-image\"><figure class=\"alignright size-large is-resized\"><img loading=\"lazy\" decoding=\"async\" src=\"https:\/\/www.sitercl.com\/News\/wp-content\/uploads\/2018\/12\/infirmerie.jpg\" alt=\"\" class=\"wp-image-214\" width=\"127\" height=\"169\" srcset=\"https:\/\/www.sitercl.com\/News\/wp-content\/uploads\/2018\/12\/infirmerie.jpg 253w, https:\/\/www.sitercl.com\/News\/wp-content\/uploads\/2018\/12\/infirmerie-225x300.jpg 225w\" sizes=\"auto, (max-width: 127px) 85vw, 127px\" \/><\/figure><\/div>\n\n\n\n<p>Seko Fofana a fait sa premi\u00e8re apparition en match officiel avec le RC Lens face au Girondins de Bordeaux. De quoi penser que sa blessure aux ischios-jambiers\u00a0qui a g\u00ean\u00e9 son d\u00e9but de saison \u00e9tait maintenant de l&rsquo;histoire ancienne. Mais malheureusement le joueur s&rsquo;est vite tenu la cuisse durant la rencontre, le club pr\u00e9f\u00e8re donc lui faire passer des examens compl\u00e9mentaires en ce d\u00e9but de semaine.<br>Quant \u00e0 Cl\u00e9ment Michelin, touch\u00e9 \u00e0 la cheville vendredi, la veille\u00a0de la rencontre, il fera lui aussi des examens en ce d\u00e9but de semaine mais l&rsquo;inqui\u00e9tude semble moins importante pour ce dernier.<\/p>\n","protected":false},"excerpt":{"rendered":"<p>Seko Fofana a fait sa premi\u00e8re apparition en match officiel avec le RC Lens face au Girondins de Bordeaux. De quoi penser que sa blessure aux ischios-jambiers\u00a0qui a g\u00ean\u00e9 son d\u00e9but de saison \u00e9tait maintenant de l&rsquo;histoire ancienne. Mais malheureusement le joueur s&rsquo;est vite tenu la cuisse durant la rencontre, le club pr\u00e9f\u00e8re donc lui &hellip; <a href=\"https:\/\/www.sitercl.com\/News\/?p=3643\" class=\"more-link\">Continuer la lecture<span class=\"screen-reader-text\"> de &laquo;&nbsp;Inqui\u00e9tude pour Fofana&nbsp;&raquo;<\/span><\/a><\/p>\n","protected":false},"author":2,"featured_media":0,"comment_status":"closed","ping_status":"open","sticky":false,"template":"","format":"standard","meta":{"footnotes":""},"categories":[2],"tags":[375,47,157],"class_list":["post-3643","post","type-post","status-publish","format-standard","hentry","category-infos","tag-fofana","tag-infirmerie","tag-michelin"],"_links":{"self":[{"href":"https:\/\/www.sitercl.com\/News\/index.php?rest_route=\/wp\/v2\/posts\/3643","targetHints":{"allow":["GET"]}}],"collection":[{"href":"https:\/\/www.sitercl.com\/News\/index.php?rest_route=\/wp\/v2\/posts"}],"about":[{"href":"https:\/\/www.sitercl.com\/News\/index.php?rest_route=\/wp\/v2\/types\/post"}],"author":[{"embeddable":true,"href":"https:\/\/www.sitercl.com\/News\/index.php?rest_route=\/wp\/v2\/users\/2"}],"replies":[{"embeddable":true,"href":"https:\/\/www.sitercl.com\/News\/index.php?rest_route=%2Fwp%2Fv2%2Fcomments&post=3643"}],"version-history":[{"count":1,"href":"https:\/\/www.sitercl.com\/News\/index.php?rest_route=\/wp\/v2\/posts\/3643\/revisions"}],"predecessor-version":[{"id":3644,"href":"https:\/\/www.sitercl.com\/News\/index.php?rest_route=\/wp\/v2\/posts\/3643\/revisions\/3644"}],"wp:attachment":[{"href":"https:\/\/www.sitercl.com\/News\/index.php?rest_route=%2Fwp%2Fv2%2Fmedia&parent=3643"}],"wp:term":[{"taxonomy":"category","embeddable":true,"href":"https:\/\/www.sitercl.com\/News\/index.php?rest_route=%2Fwp%2Fv2%2Fcategories&post=3643"},{"taxonomy":"post_tag","embeddable":true,"href":"https:\/\/www.sitercl.com\/News\/index.php?rest_route=%2Fwp%2Fv2%2Ftags&post=3643"}],"curies":[{"name":"wp","href":"https:\/\/api.w.org\/{rel}","templated":true}]}}