{"id":373,"date":"2018-12-26T17:49:30","date_gmt":"2018-12-26T16:49:30","guid":{"rendered":"http:\/\/www.sitercl.com\/News\/?p=373"},"modified":"2018-12-26T17:49:30","modified_gmt":"2018-12-26T16:49:30","slug":"mickael-le-bihan-a-lens","status":"publish","type":"post","link":"https:\/\/www.sitercl.com\/News\/?p=373","title":{"rendered":"Micka\u00ebl Le Bihan \u00e0 Lens ?"},"content":{"rendered":"\n<div class=\"wp-block-image\"><figure class=\"alignright\"><img loading=\"lazy\" decoding=\"async\" width=\"180\" height=\"150\" src=\"http:\/\/www.sitercl.com\/News\/wp-content\/uploads\/2018\/12\/transfer.jpg\" alt=\"\" class=\"wp-image-374\"\/><\/figure><\/div>\n\n\n\n<p>Si l\u2019on en croit <em>la Voix des Sports<\/em>, le Racing Club de Lens a r\u00e9activ\u00e9 une de ses pistes de l\u2019\u00e9t\u00e9 2018, \u00e0 savoir celle de Micka\u00ebl Le Bihan (OGC Nice). Il faut savoir que l\u2019attaquant de 28 ans, en fin de contrat au 30 juin prochain, \u00e9tait d\u00e9j\u00e0 proche des Sang et Or en juillet dernier mais cela n\u2019avait pu finalement se faire. Peut \u00eatre que ce n&rsquo;\u00e9tait donc que partie remise et que ce sera pour ce Mercato hivernal !<\/p>\n","protected":false},"excerpt":{"rendered":"<p>Si l\u2019on en croit la Voix des Sports, le Racing Club de Lens a r\u00e9activ\u00e9 une de ses pistes de l\u2019\u00e9t\u00e9 2018, \u00e0 savoir celle de Micka\u00ebl Le Bihan (OGC Nice). Il faut savoir que l\u2019attaquant de 28 ans, en fin de contrat au 30 juin prochain, \u00e9tait d\u00e9j\u00e0 proche des Sang et Or en &hellip; <a href=\"https:\/\/www.sitercl.com\/News\/?p=373\" class=\"more-link\">Continuer la lecture<span class=\"screen-reader-text\"> de &laquo;&nbsp;Micka\u00ebl Le Bihan \u00e0 Lens ?&nbsp;&raquo;<\/span><\/a><\/p>\n","protected":false},"author":2,"featured_media":0,"comment_status":"closed","ping_status":"open","sticky":false,"template":"","format":"standard","meta":{"footnotes":""},"categories":[2],"tags":[64],"class_list":["post-373","post","type-post","status-publish","format-standard","hentry","category-infos","tag-mercato"],"_links":{"self":[{"href":"https:\/\/www.sitercl.com\/News\/index.php?rest_route=\/wp\/v2\/posts\/373","targetHints":{"allow":["GET"]}}],"collection":[{"href":"https:\/\/www.sitercl.com\/News\/index.php?rest_route=\/wp\/v2\/posts"}],"about":[{"href":"https:\/\/www.sitercl.com\/News\/index.php?rest_route=\/wp\/v2\/types\/post"}],"author":[{"embeddable":true,"href":"https:\/\/www.sitercl.com\/News\/index.php?rest_route=\/wp\/v2\/users\/2"}],"replies":[{"embeddable":true,"href":"https:\/\/www.sitercl.com\/News\/index.php?rest_route=%2Fwp%2Fv2%2Fcomments&post=373"}],"version-history":[{"count":1,"href":"https:\/\/www.sitercl.com\/News\/index.php?rest_route=\/wp\/v2\/posts\/373\/revisions"}],"predecessor-version":[{"id":375,"href":"https:\/\/www.sitercl.com\/News\/index.php?rest_route=\/wp\/v2\/posts\/373\/revisions\/375"}],"wp:attachment":[{"href":"https:\/\/www.sitercl.com\/News\/index.php?rest_route=%2Fwp%2Fv2%2Fmedia&parent=373"}],"wp:term":[{"taxonomy":"category","embeddable":true,"href":"https:\/\/www.sitercl.com\/News\/index.php?rest_route=%2Fwp%2Fv2%2Fcategories&post=373"},{"taxonomy":"post_tag","embeddable":true,"href":"https:\/\/www.sitercl.com\/News\/index.php?rest_route=%2Fwp%2Fv2%2Ftags&post=373"}],"curies":[{"name":"wp","href":"https:\/\/api.w.org\/{rel}","templated":true}]}}