{"id":3793,"date":"2020-10-17T09:51:52","date_gmt":"2020-10-17T07:51:52","guid":{"rendered":"https:\/\/www.sitercl.com\/News\/?p=3793"},"modified":"2020-10-19T18:37:30","modified_gmt":"2020-10-19T16:37:30","slug":"la-revue-du-web-avant-le-derby","status":"publish","type":"post","link":"https:\/\/www.sitercl.com\/News\/?p=3793","title":{"rendered":"La revue du Web avant le derby"},"content":{"rendered":"\n<div class=\"wp-block-image\"><figure class=\"alignright size-large\"><img loading=\"lazy\" decoding=\"async\" width=\"150\" height=\"106\" src=\"https:\/\/www.sitercl.com\/News\/wp-content\/uploads\/2019\/01\/clavball.png\" alt=\"\" class=\"wp-image-587\"\/><\/figure><\/div>\n\n\n\n<p>Retrouvez une s\u00e9lection d&rsquo;articles du Web sur le derby entre Lille et Lens comptant pour la 7e journ\u00e9e de Ligue 1 qui se jouera ce dimanche \u00e0 partir de 21h&#8230;<\/p>\n\n\n\n<p><em>Avant match<\/em> :<\/p>\n\n\n\n<p><b>www.ligue1.fr<\/b> :<br>-16\/10\/2020 <a rel=\"noopener noreferrer\" href=\"https:\/\/www.ligue1.fr\/Articles\/ACTU\/2020\/10\/15\/losc-lens-les-infos-d-avant-match\" target=\"_blank\">LOSC-Lens : Les infos d\u2019avant-match<\/a><br>-16\/10\/2020 <a rel=\"noopener noreferrer\" href=\"https:\/\/www.ligue1.fr\/Articles\/ANALYSES\/2020\/10\/14\/lille-lens-un-derby-en-hautes-spheres\" target=\"_blank\">Lille-Lens : Un derby en hautes sph\u00e8res<\/a><br><br><b>www.lavoixdunord.fr<\/b> :<br>-18\/10\/2020 <a href=\"https:\/\/www.lavoixdunord.fr\/881010\/article\/2020-10-18\/derby-losc-lens-le-parvis-du-stade-est-reste-presque-vide\" target=\"_blank\" rel=\"noopener noreferrer\">Derby LOSC &#8211; Lens : le parvis du stade est rest\u00e9 (presque) vide<\/a><br>-17\/10\/2020 <a href=\"https:\/\/www.lavoixdunord.fr\/880639\/article\/2020-10-17\/lens-yannick-cahuzac-un-capitaine-serein-et-apaise-avant-la-tempete-du-derby\" target=\"_blank\" rel=\"noopener noreferrer\">Yannick Cahuzac, un capitaine serein et apais\u00e9 avant la temp\u00eate du derby<\/a><br>-17\/10\/2020 <a href=\"https:\/\/www.lavoixdunord.fr\/880524\/article\/2020-10-17\/derby-lille-lens-quel-club-les-personnalites-du-nord-supportent-elles\" target=\"_blank\" rel=\"noopener noreferrer\">Derby Lille &#8211; Lens : quel club les personnalit\u00e9s du Nord supportent-elles ?<\/a><br>-17\/10\/2020 <a href=\"https:\/\/www.lavoixdunord.fr\/880508\/article\/2020-10-17\/banderoles-une-semaine-de-messages-distance\" target=\"_blank\" rel=\"noopener noreferrer\">Banderoles avant le derby Lille &#8211; Lens : une semaine de messages \u00e0 distance<\/a><br>-17\/10\/2020 <a href=\"https:\/\/www.lavoixdunord.fr\/880418\/article\/2020-10-17\/derby-lille-lens-les-alentours-du-stade-mauroy-interdits-partir-de-14-h-sous\" target=\"_blank\" rel=\"noopener noreferrer\">Derby Lille &#8211; Lens : les alentours du stade Mauroy interdits \u00e0 partir de 14 h&#8230; sous peine de prison !<\/a><br>-16\/10\/2020 <a rel=\"noopener noreferrer\" href=\"https:\/\/www.lavoixdunord.fr\/880203\/article\/2020-10-16\/ligue-1-lille-et-lens-deux-modeles-economiques-decryptes-par-luc-dayan\" target=\"_blank\">Lille et Lens, deux mod\u00e8les \u00e9conomiques d\u00e9crypt\u00e9s par Luc Dayan<\/a><br>-16\/10\/2020 <a rel=\"noopener noreferrer\" href=\"https:\/\/www.lavoixdunord.fr\/880093\/article\/2020-10-16\/lille-lens-le-derby-c-est-d-abord-les-joueurs-qui-le-jouent-souligne-franck\" target=\"_blank\">Lille &#8211; Lens : \u00ab Le derby, c\u2019est d\u2019abord les joueurs qui le jouent \u00bb, souligne Franck Haise<\/a><br>-16\/10\/2020 <a rel=\"noopener noreferrer\" href=\"https:\/\/www.lavoixdunord.fr\/879872\/article\/2020-10-16\/l-attente-le-souvenir-et-le-prono-le-derby-lille-lens-decrypte-par-nos\" target=\"_blank\">L\u2019attente, le souvenir et le \u00abprono\u00bb: le derby Lille &#8211; Lens d\u00e9crypt\u00e9 par nos sp\u00e9cialistes<\/a><br>-16\/10\/2020 <a rel=\"noopener noreferrer\" href=\"https:\/\/www.lavoixdunord.fr\/879947\/article\/2020-10-16\/losc-rc-lens-les-absences-confirmees-cote-lensois-radovanovic-titulaire\" target=\"_blank\">LOSC \u2013 RC Lens: les absences confirm\u00e9es c\u00f4t\u00e9 lensois, Radovanovic titulaire?<\/a><br>-15\/10\/2020 <a rel=\"noopener noreferrer\" href=\"https:\/\/www.lavoixdunord.fr\/879467\/article\/2020-10-15\/lille-lens-le-derby-plus-qu-un-clin-d-oeil-dans-la-vie-de-gael-kakuta\" target=\"_blank\">Lille &#8211; Lens : le derby, plus qu\u2019un clin d\u2019\u0153il dans la vie de Ga\u00ebl Kakuta<\/a><br>-15\/10\/2020 <a rel=\"noopener noreferrer\" href=\"https:\/\/www.lavoixdunord.fr\/879405\/article\/2020-10-15\/losc-rc-lens-les-chiffres-connaitre-avant-le-derby\" target=\"_blank\">Derby Lille &#8211; Lens : les chiffres \u00e0 conna\u00eetre avant le derby<\/a><br><br><b>france3-regions.francetvinfo.fr<\/b> :<br>-18\/10\/2020 <a href=\"https:\/\/france3-regions.francetvinfo.fr\/hauts-de-france\/derby-losc-rc-lens-images-impressionnantes-supporters-lensois-accompagnant-bus-joueurs-stade-1885796.html\" target=\"_blank\" rel=\"noopener noreferrer\">Derby LOSC-RC Lens : les images impressionnantes des supporters lensois accompagnant le bus des joueurs vers le stade<\/a><br>-12\/10\/2020 <a rel=\"noopener noreferrer\" href=\"https:\/\/france3-regions.francetvinfo.fr\/hauts-de-france\/intrusion-au-domaine-luchin-banderoles-supporters-du-rc-lens-provoquent-losc-semaine-du-derby-1883566.html\" target=\"_blank\">Intrusion au domaine de Luchin et banderoles\u2026 des supporters du RC Lens provoquent le LOSC \u00e0 une semaine du derby<\/a><br><br><b>www.20minutes.fr<\/b> :<br>-16\/10\/2020 <a rel=\"noopener noreferrer\" href=\"https:\/\/www.20minutes.fr\/lille\/2886783-20201016-losc-rc-lens-pourquoi-derby-nord-joue-desormais-londres\" target=\"_blank\">Losc-RC Lens : Pourquoi le derby du Nord se joue d\u00e9sormais \u00e0 Londres<\/a><br>-14\/10\/2020 <a rel=\"noopener noreferrer\" href=\"https:\/\/www.20minutes.fr\/sport\/2884831-20201014-losc-rc-lens-malgre-crise-sanitaire-plus-faible-affluence-histoire-derby\" target=\"_blank\">Losc-RC Lens : \u00ab Malgr\u00e9 la crise sanitaire, ce ne sera pas la plus faible affluence de l\u2019histoire du derby \u00bb<\/a><br><br><b>www.lesechosdutouquet.fr<\/b> :<br>-16\/10\/2020 <a rel=\"noopener noreferrer\" href=\"https:\/\/www.lesechosdutouquet.fr\/97310\/article\/2020-10-16\/lille-lens-des-esprits-detendus-avant-le-derby-photos-video\" target=\"_blank\">Lille \u2013 Lens: Des esprits d\u00e9tendus avant le derby (photos &amp; vid\u00e9o)<\/a><br><br><b>www.lequipe.fr<\/b> :<br>-18\/10\/2020 <a href=\"https:\/\/www.lequipe.fr\/Football\/Actualites\/Lens-l-incroyable-ambiance-mise-par-les-supporters-pour-le-depart-des-joueurs-a-lille\/1185163\" target=\"_blank\" rel=\"noopener noreferrer\">Lens : l&rsquo;incroyable ambiance mise par les supporters pour le d\u00e9part des joueurs \u00e0 Lille<\/a><br>-17\/10\/2020 <a href=\"https:\/\/www.lequipe.fr\/Football\/Actualites\/Le-groupe-de-lens-sans-facundo-medina-et-ignatius-ganago-pour-le-derby-contre-lille\/1184802\" target=\"_blank\" rel=\"noopener noreferrer\">Le groupe de Lens sans Facundo Medina et Ignatius Ganago pour le derby contre Lille<\/a><br>-17\/10\/2020 <a href=\"https:\/\/www.lequipe.fr\/Football\/Actualites\/Ligue-1-jose-fonte-dans-le-groupe-de-lille-pour-affronter-lens\/1184827\" target=\"_blank\" rel=\"noopener noreferrer\">Jos\u00e9 Fonte dans le groupe de Lille pour affronter Lens<\/a><br>-16\/10\/2020 <a rel=\"noopener noreferrer\" href=\"https:\/\/www.lequipe.fr\/Football\/Actualites\/Franck-haise-lens-un-derby-quand-meme\/1184249\" target=\"_blank\">Franck Haise (Lens) : \u00ab Un derby quand m\u00eame \u00bb<\/a><br><br><b>actu.fr<\/b> :<br>-17\/10\/2020 <a href=\"https:\/\/actu.fr\/hauts-de-france\/lens_62498\/losc-rc-lens-les-anciens-sang-et-or-nous-racontent-le-derby-du-nord_36865546.html\" target=\"_blank\" rel=\"noopener noreferrer\">LOSC &#8211; RC Lens. Les anciens Sang et Or nous racontent le derby du Nord<\/a><br>-17\/10\/2020 <a href=\"https:\/\/actu.fr\/hauts-de-france\/lens_62498\/ligue-1-kalimuendo-et-radovanovic-titulaires-pour-losc-rc-lens_36858270.html\" target=\"_blank\" rel=\"noopener noreferrer\">Kalimuendo et Radovanovic titulaires pour LOSC &#8211; RC Lens ?<\/a><br><br><b>www.onzemondial.com<\/b> :<br>-17\/10\/2020 <a href=\"https:\/\/www.onzemondial.com\/ligue-1\/2020-2021\/lille-rc-lens-mesures-drastiques-interdisant-les-alentours-du-stade-440538\" target=\"_blank\" rel=\"noopener noreferrer\">Lille &#8211; RC Lens : mesures drastiques interdisant les alentours du stade<\/a><br><br><b>fr.besoccer.com<\/b> :<br>-18\/10\/2020 <a href=\"https:\/\/fr.besoccer.com\/info\/l1-lille-lens-un-derby-aussi-allechant-que-frustrant-902050\" target=\"_blank\" rel=\"noopener noreferrer\">Lille-Lens, un derby aussi all\u00e9chant que \u00ab\u00a0frustrant\u00a0\u00bb<\/a><\/p>\n","protected":false},"excerpt":{"rendered":"<p>Retrouvez une s\u00e9lection d&rsquo;articles du Web sur le derby entre Lille et Lens comptant pour la 7e journ\u00e9e de Ligue 1 qui se jouera ce dimanche \u00e0 partir de 21h&#8230; Avant match : www.ligue1.fr :-16\/10\/2020 LOSC-Lens : Les infos d\u2019avant-match-16\/10\/2020 Lille-Lens : Un derby en hautes sph\u00e8res www.lavoixdunord.fr :-18\/10\/2020 Derby LOSC &#8211; Lens : le &hellip; <a href=\"https:\/\/www.sitercl.com\/News\/?p=3793\" class=\"more-link\">Continuer la lecture<span class=\"screen-reader-text\"> de &laquo;&nbsp;La revue du Web avant le derby&nbsp;&raquo;<\/span><\/a><\/p>\n","protected":false},"author":2,"featured_media":0,"comment_status":"closed","ping_status":"open","sticky":false,"template":"","format":"standard","meta":{"footnotes":""},"categories":[6],"tags":[144,13,151,143],"class_list":["post-3793","post","type-post","status-publish","format-standard","hentry","category-revue-du-web","tag-derby","tag-internet","tag-ligue-1","tag-losc"],"_links":{"self":[{"href":"https:\/\/www.sitercl.com\/News\/index.php?rest_route=\/wp\/v2\/posts\/3793","targetHints":{"allow":["GET"]}}],"collection":[{"href":"https:\/\/www.sitercl.com\/News\/index.php?rest_route=\/wp\/v2\/posts"}],"about":[{"href":"https:\/\/www.sitercl.com\/News\/index.php?rest_route=\/wp\/v2\/types\/post"}],"author":[{"embeddable":true,"href":"https:\/\/www.sitercl.com\/News\/index.php?rest_route=\/wp\/v2\/users\/2"}],"replies":[{"embeddable":true,"href":"https:\/\/www.sitercl.com\/News\/index.php?rest_route=%2Fwp%2Fv2%2Fcomments&post=3793"}],"version-history":[{"count":13,"href":"https:\/\/www.sitercl.com\/News\/index.php?rest_route=\/wp\/v2\/posts\/3793\/revisions"}],"predecessor-version":[{"id":3829,"href":"https:\/\/www.sitercl.com\/News\/index.php?rest_route=\/wp\/v2\/posts\/3793\/revisions\/3829"}],"wp:attachment":[{"href":"https:\/\/www.sitercl.com\/News\/index.php?rest_route=%2Fwp%2Fv2%2Fmedia&parent=3793"}],"wp:term":[{"taxonomy":"category","embeddable":true,"href":"https:\/\/www.sitercl.com\/News\/index.php?rest_route=%2Fwp%2Fv2%2Fcategories&post=3793"},{"taxonomy":"post_tag","embeddable":true,"href":"https:\/\/www.sitercl.com\/News\/index.php?rest_route=%2Fwp%2Fv2%2Ftags&post=3793"}],"curies":[{"name":"wp","href":"https:\/\/api.w.org\/{rel}","templated":true}]}}