{"id":3834,"date":"2020-10-20T18:48:01","date_gmt":"2020-10-20T16:48:01","guid":{"rendered":"https:\/\/www.sitercl.com\/News\/?p=3834"},"modified":"2020-10-20T18:48:01","modified_gmt":"2020-10-20T16:48:01","slug":"des-absences-face-a-nantes","status":"publish","type":"post","link":"https:\/\/www.sitercl.com\/News\/?p=3834","title":{"rendered":"Des absences face \u00e0 Nantes"},"content":{"rendered":"\n<div class=\"wp-block-image\"><figure class=\"alignright size-large is-resized\"><img loading=\"lazy\" decoding=\"async\" src=\"https:\/\/www.sitercl.com\/News\/wp-content\/uploads\/2018\/12\/infirmerie.jpg\" alt=\"\" class=\"wp-image-214\" width=\"127\" height=\"169\" srcset=\"https:\/\/www.sitercl.com\/News\/wp-content\/uploads\/2018\/12\/infirmerie.jpg 253w, https:\/\/www.sitercl.com\/News\/wp-content\/uploads\/2018\/12\/infirmerie-225x300.jpg 225w\" sizes=\"auto, (max-width: 127px) 85vw, 127px\" \/><\/figure><\/div>\n\n\n\n<p>Suite \u00e0 leur carton rouge re\u00e7u face \u00e0 Lille, Gradit et Michelin seront forc\u00e9ment suspendu pour la rencontre de dimanche face \u00e0 Nantes. Cela ne va pas bien s\u00fbr pas faire les affaires de Franck Haise qui doit \u00e9galement compos\u00e9s avec les bless\u00e9s&#8230;<\/p>\n\n\n\n<p>En effet, il ne faut pas compter sur un retour de Ganago (3 \u00e0 4 semaines encore de soin selon <em>La Voix Du Nord<\/em>) ni de Fofana (cuisse) et Sylla (mollet, l\u00e0 aussi il faut encore attendre\u00a0trois semaines). Heureusement Medina, suspendu face au LOSC, devrai \u00eatre lui de retour.<\/p>\n","protected":false},"excerpt":{"rendered":"<p>Suite \u00e0 leur carton rouge re\u00e7u face \u00e0 Lille, Gradit et Michelin seront forc\u00e9ment suspendu pour la rencontre de dimanche face \u00e0 Nantes. Cela ne va pas bien s\u00fbr pas faire les affaires de Franck Haise qui doit \u00e9galement compos\u00e9s avec les bless\u00e9s&#8230; En effet, il ne faut pas compter sur un retour de Ganago &hellip; <a href=\"https:\/\/www.sitercl.com\/News\/?p=3834\" class=\"more-link\">Continuer la lecture<span class=\"screen-reader-text\"> de &laquo;&nbsp;Des absences face \u00e0 Nantes&nbsp;&raquo;<\/span><\/a><\/p>\n","protected":false},"author":2,"featured_media":0,"comment_status":"closed","ping_status":"open","sticky":false,"template":"","format":"standard","meta":{"footnotes":""},"categories":[2],"tags":[],"class_list":["post-3834","post","type-post","status-publish","format-standard","hentry","category-infos"],"_links":{"self":[{"href":"https:\/\/www.sitercl.com\/News\/index.php?rest_route=\/wp\/v2\/posts\/3834","targetHints":{"allow":["GET"]}}],"collection":[{"href":"https:\/\/www.sitercl.com\/News\/index.php?rest_route=\/wp\/v2\/posts"}],"about":[{"href":"https:\/\/www.sitercl.com\/News\/index.php?rest_route=\/wp\/v2\/types\/post"}],"author":[{"embeddable":true,"href":"https:\/\/www.sitercl.com\/News\/index.php?rest_route=\/wp\/v2\/users\/2"}],"replies":[{"embeddable":true,"href":"https:\/\/www.sitercl.com\/News\/index.php?rest_route=%2Fwp%2Fv2%2Fcomments&post=3834"}],"version-history":[{"count":1,"href":"https:\/\/www.sitercl.com\/News\/index.php?rest_route=\/wp\/v2\/posts\/3834\/revisions"}],"predecessor-version":[{"id":3835,"href":"https:\/\/www.sitercl.com\/News\/index.php?rest_route=\/wp\/v2\/posts\/3834\/revisions\/3835"}],"wp:attachment":[{"href":"https:\/\/www.sitercl.com\/News\/index.php?rest_route=%2Fwp%2Fv2%2Fmedia&parent=3834"}],"wp:term":[{"taxonomy":"category","embeddable":true,"href":"https:\/\/www.sitercl.com\/News\/index.php?rest_route=%2Fwp%2Fv2%2Fcategories&post=3834"},{"taxonomy":"post_tag","embeddable":true,"href":"https:\/\/www.sitercl.com\/News\/index.php?rest_route=%2Fwp%2Fv2%2Ftags&post=3834"}],"curies":[{"name":"wp","href":"https:\/\/api.w.org\/{rel}","templated":true}]}}