{"id":3844,"date":"2020-10-23T19:05:17","date_gmt":"2020-10-23T17:05:17","guid":{"rendered":"https:\/\/www.sitercl.com\/News\/?p=3844"},"modified":"2020-10-23T19:05:17","modified_gmt":"2020-10-23T17:05:17","slug":"deux-cas-de-covid-pour-nantes","status":"publish","type":"post","link":"https:\/\/www.sitercl.com\/News\/?p=3844","title":{"rendered":"Deux cas de Covid pour Nantes"},"content":{"rendered":"\n<p>Dimanche (13 heures), le FC Nantes devra se passer \u00e0 Lens de son lat\u00e9ral droit ou gauche Fabio et de son attaquant Kalifa Coulibaly. En effet les deux joueurs ont \u00e9t\u00e9 test\u00e9s positifs au Covid-19. Le milieu d\u00e9fensif Pedro Chirivella sera lui aussi absent \u00e0 la suite d&rsquo;un choc \u00e0 la t\u00eate contre Brest, dimanche dernier (3-1) et Jean-K\u00e9vin Augustin est laiss\u00e9 au repos apr\u00e8s une torsion ligamentaire. Anthony Limbombe, lui, est toujours en r\u00e9athl\u00e9tisation.<br><\/p>\n","protected":false},"excerpt":{"rendered":"<p>Dimanche (13 heures), le FC Nantes devra se passer \u00e0 Lens de son lat\u00e9ral droit ou gauche Fabio et de son attaquant Kalifa Coulibaly. En effet les deux joueurs ont \u00e9t\u00e9 test\u00e9s positifs au Covid-19. Le milieu d\u00e9fensif Pedro Chirivella sera lui aussi absent \u00e0 la suite d&rsquo;un choc \u00e0 la t\u00eate contre Brest, dimanche &hellip; <a href=\"https:\/\/www.sitercl.com\/News\/?p=3844\" class=\"more-link\">Continuer la lecture<span class=\"screen-reader-text\"> de &laquo;&nbsp;Deux cas de Covid pour Nantes&nbsp;&raquo;<\/span><\/a><\/p>\n","protected":false},"author":2,"featured_media":0,"comment_status":"closed","ping_status":"open","sticky":false,"template":"","format":"standard","meta":{"footnotes":""},"categories":[2],"tags":[290,47,151,109],"class_list":["post-3844","post","type-post","status-publish","format-standard","hentry","category-infos","tag-covid-19","tag-infirmerie","tag-ligue-1","tag-nantes"],"_links":{"self":[{"href":"https:\/\/www.sitercl.com\/News\/index.php?rest_route=\/wp\/v2\/posts\/3844","targetHints":{"allow":["GET"]}}],"collection":[{"href":"https:\/\/www.sitercl.com\/News\/index.php?rest_route=\/wp\/v2\/posts"}],"about":[{"href":"https:\/\/www.sitercl.com\/News\/index.php?rest_route=\/wp\/v2\/types\/post"}],"author":[{"embeddable":true,"href":"https:\/\/www.sitercl.com\/News\/index.php?rest_route=\/wp\/v2\/users\/2"}],"replies":[{"embeddable":true,"href":"https:\/\/www.sitercl.com\/News\/index.php?rest_route=%2Fwp%2Fv2%2Fcomments&post=3844"}],"version-history":[{"count":1,"href":"https:\/\/www.sitercl.com\/News\/index.php?rest_route=\/wp\/v2\/posts\/3844\/revisions"}],"predecessor-version":[{"id":3845,"href":"https:\/\/www.sitercl.com\/News\/index.php?rest_route=\/wp\/v2\/posts\/3844\/revisions\/3845"}],"wp:attachment":[{"href":"https:\/\/www.sitercl.com\/News\/index.php?rest_route=%2Fwp%2Fv2%2Fmedia&parent=3844"}],"wp:term":[{"taxonomy":"category","embeddable":true,"href":"https:\/\/www.sitercl.com\/News\/index.php?rest_route=%2Fwp%2Fv2%2Fcategories&post=3844"},{"taxonomy":"post_tag","embeddable":true,"href":"https:\/\/www.sitercl.com\/News\/index.php?rest_route=%2Fwp%2Fv2%2Ftags&post=3844"}],"curies":[{"name":"wp","href":"https:\/\/api.w.org\/{rel}","templated":true}]}}