{"id":3853,"date":"2020-10-24T12:02:21","date_gmt":"2020-10-24T10:02:21","guid":{"rendered":"https:\/\/www.sitercl.com\/News\/?p=3853"},"modified":"2020-10-24T12:02:21","modified_gmt":"2020-10-24T10:02:21","slug":"la-covid-est-bien-presente","status":"publish","type":"post","link":"https:\/\/www.sitercl.com\/News\/?p=3853","title":{"rendered":"La Covid est bien pr\u00e9sente\u2026"},"content":{"rendered":"\n<div class=\"wp-block-image\"><figure class=\"alignright size-large is-resized\"><img loading=\"lazy\" decoding=\"async\" src=\"https:\/\/www.sitercl.com\/News\/wp-content\/uploads\/2018\/12\/infirmerie.jpg\" alt=\"\" class=\"wp-image-214\" width=\"127\" height=\"169\" srcset=\"https:\/\/www.sitercl.com\/News\/wp-content\/uploads\/2018\/12\/infirmerie.jpg 253w, https:\/\/www.sitercl.com\/News\/wp-content\/uploads\/2018\/12\/infirmerie-225x300.jpg 225w\" sizes=\"auto, (max-width: 127px) 85vw, 127px\" \/><\/figure><\/div>\n\n\n\n<p>Comme dans l&rsquo;ensemble de la r\u00e9gion, la Covid-19 s&rsquo;\u00e9tend au niveau du club art\u00e9sien&#8230;<\/p>\n\n\n\n<p>Selon <em>La Voix Du Nord<\/em>, Adam Oudjani et David Pereira \u00e9taient les deux joueurs positifs au Covid-19 de la semaine derni\u00e8re. Mais cette semaine, cette liste serait maintenant de quatre joueurs (des\u00a0membres r\u00e9guliers du groupe pro, sans plus de pr\u00e9cisions) en plus de l&rsquo;entra\u00eeneur et un de ses assistants !<\/p>\n\n\n\n<p>En effet, c&rsquo;est <a href=\"https:\/\/www.sitercl.com\/News\/?post_type=post&amp;p=3846\">confirm\u00e9<\/a>, Franck Haise serait bien positif. C&rsquo;est un de ses adjoints, Lilian Nalis, d\u00e9j\u00e0 pr\u00e9sent lors de la conf\u00e9rence de presse vendredi pour le remplacer qui devrait donc \u00eatre dimanche sur le banc pour la rencontre Lens &#8211; Nantes.<\/p>\n","protected":false},"excerpt":{"rendered":"<p>Comme dans l&rsquo;ensemble de la r\u00e9gion, la Covid-19 s&rsquo;\u00e9tend au niveau du club art\u00e9sien&#8230; Selon La Voix Du Nord, Adam Oudjani et David Pereira \u00e9taient les deux joueurs positifs au Covid-19 de la semaine derni\u00e8re. Mais cette semaine, cette liste serait maintenant de quatre joueurs (des\u00a0membres r\u00e9guliers du groupe pro, sans plus de pr\u00e9cisions) en &hellip; <a href=\"https:\/\/www.sitercl.com\/News\/?p=3853\" class=\"more-link\">Continuer la lecture<span class=\"screen-reader-text\"> de &laquo;&nbsp;La Covid est bien pr\u00e9sente\u2026&nbsp;&raquo;<\/span><\/a><\/p>\n","protected":false},"author":2,"featured_media":0,"comment_status":"closed","ping_status":"open","sticky":false,"template":"","format":"standard","meta":{"footnotes":""},"categories":[2],"tags":[290,267,279,47,311,162,73],"class_list":["post-3853","post","type-post","status-publish","format-standard","hentry","category-infos","tag-covid-19","tag-entraineur","tag-haise","tag-infirmerie","tag-nalis","tag-oudjani","tag-pereira-da-costa"],"_links":{"self":[{"href":"https:\/\/www.sitercl.com\/News\/index.php?rest_route=\/wp\/v2\/posts\/3853","targetHints":{"allow":["GET"]}}],"collection":[{"href":"https:\/\/www.sitercl.com\/News\/index.php?rest_route=\/wp\/v2\/posts"}],"about":[{"href":"https:\/\/www.sitercl.com\/News\/index.php?rest_route=\/wp\/v2\/types\/post"}],"author":[{"embeddable":true,"href":"https:\/\/www.sitercl.com\/News\/index.php?rest_route=\/wp\/v2\/users\/2"}],"replies":[{"embeddable":true,"href":"https:\/\/www.sitercl.com\/News\/index.php?rest_route=%2Fwp%2Fv2%2Fcomments&post=3853"}],"version-history":[{"count":1,"href":"https:\/\/www.sitercl.com\/News\/index.php?rest_route=\/wp\/v2\/posts\/3853\/revisions"}],"predecessor-version":[{"id":3854,"href":"https:\/\/www.sitercl.com\/News\/index.php?rest_route=\/wp\/v2\/posts\/3853\/revisions\/3854"}],"wp:attachment":[{"href":"https:\/\/www.sitercl.com\/News\/index.php?rest_route=%2Fwp%2Fv2%2Fmedia&parent=3853"}],"wp:term":[{"taxonomy":"category","embeddable":true,"href":"https:\/\/www.sitercl.com\/News\/index.php?rest_route=%2Fwp%2Fv2%2Fcategories&post=3853"},{"taxonomy":"post_tag","embeddable":true,"href":"https:\/\/www.sitercl.com\/News\/index.php?rest_route=%2Fwp%2Fv2%2Ftags&post=3853"}],"curies":[{"name":"wp","href":"https:\/\/api.w.org\/{rel}","templated":true}]}}