{"id":3901,"date":"2020-11-05T18:49:32","date_gmt":"2020-11-05T17:49:32","guid":{"rendered":"https:\/\/www.sitercl.com\/News\/?p=3901"},"modified":"2020-11-05T18:49:32","modified_gmt":"2020-11-05T17:49:32","slug":"rennes-lens-un-samedi","status":"publish","type":"post","link":"https:\/\/www.sitercl.com\/News\/?p=3901","title":{"rendered":"Rennes &#8211; Lens un samedi"},"content":{"rendered":"\n<div class=\"wp-block-image\"><figure class=\"alignright size-large\"><img decoding=\"async\" src=\"https:\/\/www.sitercl.com\/Clubs\/France\/rennesst.gif\" alt=\"\"\/><\/figure><\/div>\n\n\n\n<p>On conna\u00eet la programmation TV de la 13e journ\u00e9e de Ligue 1 Uber Eats et le match Rennes &#8211; Lens sera diffus\u00e9 le samedi 5 d\u00e9cembre \u00e0 partir de 17h00 sur T\u00e9l\u00e9foot.<\/p>\n\n\n\n<p><strong>Le programme de la 13e journ\u00e9e de L1<\/strong> :<\/p>\n\n\n\n<p><em>Vendredi 4 d\u00e9cembre<\/em><strong><br><\/strong>21h00\u00a0: N\u00eemes Olympique \u2013 Olympique de Marseille (T\u00e9l\u00e9foot)<\/p>\n\n\n\n<p><em>Samedi 5 d\u00e9cembre<\/em><strong><br><\/strong>17h00\u00a0: <strong>Stade Rennais F.C. \u2013 RC Lens<\/strong> (T\u00e9l\u00e9foot)<br>21h00\u00a0: Montpellier H\u00e9rault SC \u2013 PSG (Canal +)<\/p>\n\n\n\n<p><em>Dimanche 6 d\u00e9cembre<\/em><strong><br><\/strong>13h00\u00a0: LOSC \u2013 AS Monaco (T\u00e9l\u00e9foot)<br>15h00\u00a0: Angers SCO \u2013 FC Lorient (T\u00e9l\u00e9foot)<br>15h00\u00a0: Girondins de Bordeaux \u2013 Stade Brestois 29 (T\u00e9l\u00e9foot)<br>15h00\u00a0: Dijon FCO \u2013 AS Saint-Etienne (T\u00e9l\u00e9foot)<br>15h00\u00a0: FC Nantes \u2013 RC Strasbourg Alsace (T\u00e9l\u00e9foot)<br>17h00\u00a0: Stade de Reims \u2013 OGC Nice (Canal +)<br>21h00\u00a0: FC Metz \u2013 Olympique Lyonnais (T\u00e9l\u00e9foot)<\/p>\n","protected":false},"excerpt":{"rendered":"<p>On conna\u00eet la programmation TV de la 13e journ\u00e9e de Ligue 1 Uber Eats et le match Rennes &#8211; Lens sera diffus\u00e9 le samedi 5 d\u00e9cembre \u00e0 partir de 17h00 sur T\u00e9l\u00e9foot. Le programme de la 13e journ\u00e9e de L1 : Vendredi 4 d\u00e9cembre21h00\u00a0: N\u00eemes Olympique \u2013 Olympique de Marseille (T\u00e9l\u00e9foot) Samedi 5 d\u00e9cembre17h00\u00a0: Stade &hellip; <a href=\"https:\/\/www.sitercl.com\/News\/?p=3901\" class=\"more-link\">Continuer la lecture<span class=\"screen-reader-text\"> de &laquo;&nbsp;Rennes &#8211; Lens un samedi&nbsp;&raquo;<\/span><\/a><\/p>\n","protected":false},"author":2,"featured_media":0,"comment_status":"closed","ping_status":"open","sticky":false,"template":"","format":"standard","meta":{"footnotes":""},"categories":[2],"tags":[151,17,348,373,38],"class_list":["post-3901","post","type-post","status-publish","format-standard","hentry","category-infos","tag-ligue-1","tag-programme","tag-rennes","tag-telefoot","tag-tv"],"_links":{"self":[{"href":"https:\/\/www.sitercl.com\/News\/index.php?rest_route=\/wp\/v2\/posts\/3901","targetHints":{"allow":["GET"]}}],"collection":[{"href":"https:\/\/www.sitercl.com\/News\/index.php?rest_route=\/wp\/v2\/posts"}],"about":[{"href":"https:\/\/www.sitercl.com\/News\/index.php?rest_route=\/wp\/v2\/types\/post"}],"author":[{"embeddable":true,"href":"https:\/\/www.sitercl.com\/News\/index.php?rest_route=\/wp\/v2\/users\/2"}],"replies":[{"embeddable":true,"href":"https:\/\/www.sitercl.com\/News\/index.php?rest_route=%2Fwp%2Fv2%2Fcomments&post=3901"}],"version-history":[{"count":1,"href":"https:\/\/www.sitercl.com\/News\/index.php?rest_route=\/wp\/v2\/posts\/3901\/revisions"}],"predecessor-version":[{"id":3902,"href":"https:\/\/www.sitercl.com\/News\/index.php?rest_route=\/wp\/v2\/posts\/3901\/revisions\/3902"}],"wp:attachment":[{"href":"https:\/\/www.sitercl.com\/News\/index.php?rest_route=%2Fwp%2Fv2%2Fmedia&parent=3901"}],"wp:term":[{"taxonomy":"category","embeddable":true,"href":"https:\/\/www.sitercl.com\/News\/index.php?rest_route=%2Fwp%2Fv2%2Fcategories&post=3901"},{"taxonomy":"post_tag","embeddable":true,"href":"https:\/\/www.sitercl.com\/News\/index.php?rest_route=%2Fwp%2Fv2%2Ftags&post=3901"}],"curies":[{"name":"wp","href":"https:\/\/api.w.org\/{rel}","templated":true}]}}