{"id":4139,"date":"2020-12-12T12:05:05","date_gmt":"2020-12-12T11:05:05","guid":{"rendered":"https:\/\/www.sitercl.com\/News\/?p=4139"},"modified":"2020-12-13T19:37:14","modified_gmt":"2020-12-13T18:37:14","slug":"revue-du-web-de-lens-montpellier","status":"publish","type":"post","link":"https:\/\/www.sitercl.com\/News\/?p=4139","title":{"rendered":"Revue du Web de Lens &#8211; Montpellier"},"content":{"rendered":"\n<div class=\"wp-block-image\"><figure class=\"alignright size-large\"><img loading=\"lazy\" decoding=\"async\" width=\"150\" height=\"106\" src=\"https:\/\/www.sitercl.com\/News\/wp-content\/uploads\/2019\/01\/clavball.png\" alt=\"\" class=\"wp-image-587\"\/><\/figure><\/div>\n\n\n\n<p>Retrouvez une s\u00e9lection d&rsquo;articles du Web sur la rencontre de la 14e journ\u00e9e de Ligue 1 Uber Eats, entre Lens et Montpellier (2-3)\u2026<\/p>\n\n\n\n<p><b>www.ligue1.fr<\/b> :<br>-12\/12\/2020 <a rel=\"noopener\" href=\"https:\/\/www.ligue1.fr\/Articles\/ACTU\/2020\/12\/12\/montpellier-dans-le-top-5-apres-sa-victoire-a-lens\" target=\"_blank\">Montpellier dans le top 5 apr\u00e8s sa victoire \u00e0 Lens<\/a><br><br><b>www.lequipe.fr<\/b> :<br>-13\/12\/2020 <a href=\"https:\/\/www.lequipe.fr\/Football\/Actualites\/Franck-haise-lens-on-a-paye-des-erreurs\/1205098\" target=\"_blank\" rel=\"noopener\">Franck Haise (Lens) : \u00ab On a pay\u00e9 des erreurs \u00bb<\/a><br>-12\/12\/2020 <a rel=\"noopener\" href=\"https:\/\/www.lequipe.fr\/Football\/Actualites\/Montpellier-realise-une-tres-belle-operation-a-lens\/1205052\" target=\"_blank\">Montpellier r\u00e9alise une tr\u00e8s belle op\u00e9ration \u00e0 Lens<\/a><br><br><b>www.football365.fr<\/b> :<br>-12\/12\/2020 <a rel=\"noopener\" href=\"https:\/\/www.football365.fr\/montpellier-relance-machine-ligue-1-j14-9939975.html\" target=\"_blank\">Montpellier relance la machine<\/a><br><br><b>www.butfootballclub.fr<\/b> :<br>-12\/12\/2020 <a rel=\"noopener\" href=\"https:\/\/www.butfootballclub.fr\/rc-lens\/actualite\/rc-lens-montpellier-2-3-les-tops-et-les-flops-de-la-defaite-lensoise-447787\" target=\"_blank\">RC Lens \u2013 Montpellier (2-3) : les Tops et les Flops de la d\u00e9faite lensoise<\/a><br><br><b>actu.fr<\/b> :<br>-12\/12\/2020 <a rel=\"noopener\" href=\"https:\/\/actu.fr\/hauts-de-france\/lens_62498\/ligue-1-le-rc-lens-s-incline-a-domicile-face-a-montpellier_38085593.html\" target=\"_blank\">Le RC Lens s&rsquo;incline \u00e0 domicile face \u00e0 Montpellier<\/a><br><br><b>www.lavoixdunord.fr<\/b> :<br>-12\/12\/2020 <a rel=\"noopener\" href=\"https:\/\/www.lavoixdunord.fr\/907103\/article\/2020-12-12\/ligue-1-lens-veut-confirmer-face-montpellier-suivez-notre-direct\" target=\"_blank\">Lens a donn\u00e9 le ballon pour se faire battre<\/a><br><br><b>www.sofoot.com<\/b> :<br>-12\/12\/2020 <a rel=\"noopener\" href=\"https:\/\/www.sofoot.com\/montpellier-passe-la-quatrieme-a-lens-492752.html\" target=\"_blank\">Montpellier passe la quatri\u00e8me \u00e0 Lens<\/a><br><br><b>france3-regions.francetvinfo.fr<\/b> :<br>-13\/12\/2020 <a rel=\"noopener\" href=\"https:\/\/france3-regions.francetvinfo.fr\/hauts-de-france\/rc-lens-battu-domicile-montpellier-1905114.html\" target=\"_blank\">Le RC Lens battu \u00e0 domicile par Montpellier<\/a><br><br><b>www.midilibre.fr<\/b> :<br>-13\/12\/2020 <a rel=\"noopener\" href=\"https:\/\/www.midilibre.fr\/2020\/12\/13\/football-le-mhsc-bon-a-lexport-9254628.php\" target=\"_blank\">Football : le MHSC bon \u00e0 l\u2019export<\/a><br><br><b>www.afrik-foot.com<\/b> :<br>-13\/12\/2020 <a rel=\"noopener\" href=\"https:\/\/www.afrik-foot.com\/lens-banderoles-t-shirt-minute-de-silence-lens-a-rendu-hommage-a-papa-bouba-diop\" target=\"_blank\">Lens : banderoles, t-shirt, minute de silence\u2026 L&rsquo;hommage rendu \u00e0 Papa Bouba Diop<\/a><\/p>\n\n\n\n<div class=\"wp-block-image\"><figure class=\"aligncenter size-large\"><img decoding=\"async\" src=\"https:\/\/www.sitercl.com\/Navigat\/NAVIsep3.gif\" alt=\"\"\/><\/figure><\/div>\n\n\n\n<p><strong><em>Avant match&#8230;<\/em><\/strong><br><br><b>www.lavoixdunord.fr<\/b> :<br>-11\/12\/2020 <a rel=\"noopener\" href=\"https:\/\/www.lavoixdunord.fr\/906510\/article\/2020-12-11\/rc-lens-les-cinq-attaquants-au-banc-d-essai-avant-montpellier\" target=\"_blank\">RC Lens : les cinq attaquants au banc d\u2019essai avant Montpellier<\/a><br>-10\/12\/2020 <a rel=\"noopener\" href=\"https:\/\/www.lavoixdunord.fr\/906031\/article\/2020-12-10\/rc-lens-ne-se-prend-pas-pour-d-autres-assure-franck-haise-avant-montpellier\" target=\"_blank\">RC Lens : \u00ab On ne se prend pas pour d\u2019autres \u00bb, assure Franck Haise avant Montpellier<\/a><br>-10\/12\/2020 <a rel=\"noopener\" href=\"https:\/\/www.lavoixdunord.fr\/905800\/article\/2020-12-10\/ambiance-suspensions-blessures-prise-de-temperature-au-rc-lens-avant-montpellier\" target=\"_blank\">Ambiance, suspensions, blessures : prise de temp\u00e9rature au RC Lens avant Montpellier<\/a><br>-09\/12\/2020 <a rel=\"noopener noreferrer\" href=\"https:\/\/www.lavoixdunord.fr\/905135\/article\/2020-12-09\/football-vitorino-hilton-ce-sont-ses-potes-du-rc-lens-qui-en-parlent-le-mieux\" target=\"_blank\">Vitorino Hilton, ce sont ses potes du RC Lens qui en parlent le mieux<\/a><br><br><b>www.lequipe.fr<\/b> :<br>-12\/12\/2020 <a href=\"https:\/\/www.lequipe.fr\/Football\/Actualites\/Daniel-leclercq-et-arnold-sowinski-honores-avant-lens-montpellier\/1204921\" target=\"_blank\" rel=\"noopener\">Daniel Leclercq et Arnold Sowinski honor\u00e9s avant Lens-Montpellier<\/a><br>-12\/12\/2020 <a rel=\"noopener\" href=\"https:\/\/www.lequipe.fr\/Football\/Actualites\/Steven-fortes-lens-on-en-a-surpris-plus-d-un\/1204586\" target=\"_blank\">Steven Fortes (Lens) : \u00ab On en a surpris plus d&rsquo;un \u00bb<\/a><br>-11\/12\/2020 <a rel=\"noopener\" href=\"https:\/\/www.lequipe.fr\/Football\/Actualites\/L-attaquant-de-lens-corentin-jean-forfait-pour-la-venue-de-montpellier\/1204511\" target=\"_blank\">L&rsquo;attaquant de Lens Corentin Jean forfait pour la venue de Montpellier<\/a><br>-11\/12\/2020 <a rel=\"noopener\" href=\"https:\/\/www.lequipe.fr\/Football\/Actualites\/Andy-delort-est-operationnel-pour-affronter-lens-avec-montpellier\/1204490\" target=\"_blank\">Andy Delort est op\u00e9rationnel pour affronter Lens avec Montpellier<\/a><br>-10\/12\/2020 <a rel=\"noopener\" href=\"https:\/\/www.lequipe.fr\/Football\/Actualites\/Seko-fofana-lens-on-joue-avec-beaucoup-de-personnalite\/1204095\" target=\"_blank\">Seko Fofana (Lens) : \u00ab On joue avec beaucoup de personnalit\u00e9 \u00bb<\/a><br><br><b>www.midilibre.fr<\/b> :<br>-12\/12\/2020 <a rel=\"noopener\" href=\"https:\/\/www.midilibre.fr\/2020\/12\/12\/football-montpellier-cest-exterieur-jour-9253285.php\" target=\"_blank\">Football : Montpellier, c\u2019est ext\u00e9rieur jour<\/a><br><br><b>www.ligue1.fr<\/b> :<br>-11\/12\/2020 <a rel=\"noopener\" href=\"https:\/\/www.ligue1.fr\/Articles\/ACTU\/2020\/12\/11\/lens-seko-fofana-commence-a-donner-son-plein-rendement\" target=\"_blank\">Seko Fofana commence \u00e0 donner son plein rendement<\/a><br><br><b>www.butfootballclub.fr<\/b> :<br>-10\/12\/2020 <a rel=\"noopener\" href=\"https:\/\/www.butfootballclub.fr\/rc-lens\/actualite\/rc-lens-franck-haise-justifie-la-mise-a-l-ecart-de-radovanovic-447470\" target=\"_blank\">Franck Haise justifie la mise \u00e0 l&rsquo;\u00e9cart de Radovanovic<\/a><br><br><b>actu.fr<\/b> :<br>-12\/12\/2020 <a href=\"https:\/\/actu.fr\/hauts-de-france\/avion_62065\/rc-lens-deux-terrains-de-la-gaillette-aux-noms-de-daniel-leclercq-et-d-arnold-sowinski_38085394.html\" target=\"_blank\" rel=\"noopener\">RC Lens : deux terrains de la Gaillette aux noms de Daniel Leclercq et d&rsquo;Arnold Sowinski<\/a><br>-12\/12\/2020 <a rel=\"noopener\" href=\"https:\/\/actu.fr\/hauts-de-france\/lens_62498\/ligue-1-rc-lens-montpellier-un-match-sexy_38077780.html\" target=\"_blank\">RC Lens &#8211; Montpellier, un match \u00ab\u00a0sexy\u00a0\u00bb ?<\/a><\/p>\n","protected":false},"excerpt":{"rendered":"<p>Retrouvez une s\u00e9lection d&rsquo;articles du Web sur la rencontre de la 14e journ\u00e9e de Ligue 1 Uber Eats, entre Lens et Montpellier (2-3)\u2026 www.ligue1.fr :-12\/12\/2020 Montpellier dans le top 5 apr\u00e8s sa victoire \u00e0 Lens www.lequipe.fr :-13\/12\/2020 Franck Haise (Lens) : \u00ab On a pay\u00e9 des erreurs \u00bb-12\/12\/2020 Montpellier r\u00e9alise une tr\u00e8s belle op\u00e9ration \u00e0 &hellip; <a href=\"https:\/\/www.sitercl.com\/News\/?p=4139\" class=\"more-link\">Continuer la lecture<span class=\"screen-reader-text\"> de &laquo;&nbsp;Revue du Web de Lens &#8211; Montpellier&nbsp;&raquo;<\/span><\/a><\/p>\n","protected":false},"author":2,"featured_media":0,"comment_status":"closed","ping_status":"open","sticky":false,"template":"","format":"standard","meta":{"footnotes":""},"categories":[6],"tags":[13,151,300],"class_list":["post-4139","post","type-post","status-publish","format-standard","hentry","category-revue-du-web","tag-internet","tag-ligue-1","tag-montpellier"],"_links":{"self":[{"href":"https:\/\/www.sitercl.com\/News\/index.php?rest_route=\/wp\/v2\/posts\/4139","targetHints":{"allow":["GET"]}}],"collection":[{"href":"https:\/\/www.sitercl.com\/News\/index.php?rest_route=\/wp\/v2\/posts"}],"about":[{"href":"https:\/\/www.sitercl.com\/News\/index.php?rest_route=\/wp\/v2\/types\/post"}],"author":[{"embeddable":true,"href":"https:\/\/www.sitercl.com\/News\/index.php?rest_route=\/wp\/v2\/users\/2"}],"replies":[{"embeddable":true,"href":"https:\/\/www.sitercl.com\/News\/index.php?rest_route=%2Fwp%2Fv2%2Fcomments&post=4139"}],"version-history":[{"count":11,"href":"https:\/\/www.sitercl.com\/News\/index.php?rest_route=\/wp\/v2\/posts\/4139\/revisions"}],"predecessor-version":[{"id":4184,"href":"https:\/\/www.sitercl.com\/News\/index.php?rest_route=\/wp\/v2\/posts\/4139\/revisions\/4184"}],"wp:attachment":[{"href":"https:\/\/www.sitercl.com\/News\/index.php?rest_route=%2Fwp%2Fv2%2Fmedia&parent=4139"}],"wp:term":[{"taxonomy":"category","embeddable":true,"href":"https:\/\/www.sitercl.com\/News\/index.php?rest_route=%2Fwp%2Fv2%2Fcategories&post=4139"},{"taxonomy":"post_tag","embeddable":true,"href":"https:\/\/www.sitercl.com\/News\/index.php?rest_route=%2Fwp%2Fv2%2Ftags&post=4139"}],"curies":[{"name":"wp","href":"https:\/\/api.w.org\/{rel}","templated":true}]}}