{"id":4191,"date":"2020-12-15T20:20:52","date_gmt":"2020-12-15T19:20:52","guid":{"rendered":"https:\/\/www.sitercl.com\/News\/?p=4191"},"modified":"2020-12-15T20:21:06","modified_gmt":"2020-12-15T19:21:06","slug":"les-groupes-pour-monaco-lens","status":"publish","type":"post","link":"https:\/\/www.sitercl.com\/News\/?p=4191","title":{"rendered":"Les groupes pour Monaco &#8211; Lens"},"content":{"rendered":"\n<div class=\"wp-block-image\"><figure class=\"alignright size-large\"><img loading=\"lazy\" decoding=\"async\" width=\"137\" height=\"150\" src=\"https:\/\/www.sitercl.com\/News\/wp-content\/uploads\/2018\/12\/grpjoueu.jpg\" alt=\"\" class=\"wp-image-248\"\/><\/figure><\/div>\n\n\n\n<p>Retrouvez les groupes convoqu\u00e9s pour la rencontre Monaco &#8211; Lens de ce mercredi (21h) comptant pour la 15e journ\u00e9e de Ligue 1 Uber Eats&#8230;<\/p>\n\n\n\n<p><strong><em>AS Monaco<\/em><\/strong> :<br>Majecki, Mannone &#8211; Aguilar, Badiashile, Ballo-Tour\u00e9, Caio Henrique, Disasi, Marip\u00e1n, Sidib\u00e9 &#8211; Diop, Fofana, Gelson, Matazo, Tchouam\u00e9ni, Millot &#8211; Ben Yedder, Geubbels, Joveti\u0107, Pellegri, Volland.<br><br>Aleksandr Golovin (claquage \u00e0 une cuisse) et Benjamin Lecomte (fracture du 4e m\u00e9tacarpien) sont toujours en phase de reprise. Cesc Fabregas, forfait de derni\u00e8re minute en raison d&rsquo;une g\u00eane au mollet gauche vendredi dernier avant le d\u00e9placement \u00e0 Marseille, le sera de nouveau pour ce match. Par contre Djibril Sidib\u00e9, qui a repris avec le groupe depuis jeudi dernier, est op\u00e9rationnel.<\/p>\n\n\n\n<p><strong><em>RC Lens<\/em><\/strong> :<br>Leca, Farinez \u2013 Sylla, Clauss, Michelin, Medina, Fortes, Ha\u00efdara, Gradit\u00a0 \u2013 Boura, Fofana, Kakuta, Cahuzac, Mauricio, Doucour\u00e9 \u2013 Sotoca, Ganago, Banza, Jean, Kalimuendo.<br><br>Lo\u00efc Bad\u00e9 est suspendu. Traor\u00e9 est lui toujours forfait (reprise). Doucour\u00e9 et Gradit reviennent eux de suspension.<\/p>\n\n\n\n<p><strong><em>Les arbitres<\/em><\/strong> :<br>L&rsquo;arbitre principal de cette rencontre sera Willy DELAJOD (28 ans). Ses assistants seront Yannick BOUTRY et Mehdi RAHMOUNI. Le 4e arbitre : Azz\u00e9dine SOUIFI.<br>Enfin les arbitres assistants vid\u00e9o seront Beno\u00eet BASTIEN et Fr\u00e9d\u00e9ric HAQUETTE.<\/p>\n\n\n\n<p>Willy DELAJOD n&rsquo;a pas encore arbitr\u00e9 les Lensois cette saison. En 6 matches de L1 depuis le d\u00e9but de la saison, il a donn\u00e9 22 cartons jaune et 5 rouge.<\/p>\n","protected":false},"excerpt":{"rendered":"<p>Retrouvez les groupes convoqu\u00e9s pour la rencontre Monaco &#8211; Lens de ce mercredi (21h) comptant pour la 15e journ\u00e9e de Ligue 1 Uber Eats&#8230; AS Monaco :Majecki, Mannone &#8211; Aguilar, Badiashile, Ballo-Tour\u00e9, Caio Henrique, Disasi, Marip\u00e1n, Sidib\u00e9 &#8211; Diop, Fofana, Gelson, Matazo, Tchouam\u00e9ni, Millot &#8211; Ben Yedder, Geubbels, Joveti\u0107, Pellegri, Volland. Aleksandr Golovin (claquage \u00e0 &hellip; <a href=\"https:\/\/www.sitercl.com\/News\/?p=4191\" class=\"more-link\">Continuer la lecture<span class=\"screen-reader-text\"> de &laquo;&nbsp;Les groupes pour Monaco &#8211; Lens&nbsp;&raquo;<\/span><\/a><\/p>\n","protected":false},"author":2,"featured_media":0,"comment_status":"closed","ping_status":"open","sticky":false,"template":"","format":"standard","meta":{"footnotes":""},"categories":[2],"tags":[11,151,222],"class_list":["post-4191","post","type-post","status-publish","format-standard","hentry","category-infos","tag-groupes","tag-ligue-1","tag-monaco"],"_links":{"self":[{"href":"https:\/\/www.sitercl.com\/News\/index.php?rest_route=\/wp\/v2\/posts\/4191","targetHints":{"allow":["GET"]}}],"collection":[{"href":"https:\/\/www.sitercl.com\/News\/index.php?rest_route=\/wp\/v2\/posts"}],"about":[{"href":"https:\/\/www.sitercl.com\/News\/index.php?rest_route=\/wp\/v2\/types\/post"}],"author":[{"embeddable":true,"href":"https:\/\/www.sitercl.com\/News\/index.php?rest_route=\/wp\/v2\/users\/2"}],"replies":[{"embeddable":true,"href":"https:\/\/www.sitercl.com\/News\/index.php?rest_route=%2Fwp%2Fv2%2Fcomments&post=4191"}],"version-history":[{"count":5,"href":"https:\/\/www.sitercl.com\/News\/index.php?rest_route=\/wp\/v2\/posts\/4191\/revisions"}],"predecessor-version":[{"id":4197,"href":"https:\/\/www.sitercl.com\/News\/index.php?rest_route=\/wp\/v2\/posts\/4191\/revisions\/4197"}],"wp:attachment":[{"href":"https:\/\/www.sitercl.com\/News\/index.php?rest_route=%2Fwp%2Fv2%2Fmedia&parent=4191"}],"wp:term":[{"taxonomy":"category","embeddable":true,"href":"https:\/\/www.sitercl.com\/News\/index.php?rest_route=%2Fwp%2Fv2%2Fcategories&post=4191"},{"taxonomy":"post_tag","embeddable":true,"href":"https:\/\/www.sitercl.com\/News\/index.php?rest_route=%2Fwp%2Fv2%2Ftags&post=4191"}],"curies":[{"name":"wp","href":"https:\/\/api.w.org\/{rel}","templated":true}]}}