{"id":4311,"date":"2021-01-04T18:01:03","date_gmt":"2021-01-04T17:01:03","guid":{"rendered":"https:\/\/www.sitercl.com\/News\/?p=4311"},"modified":"2021-01-04T18:01:03","modified_gmt":"2021-01-04T17:01:03","slug":"charles-boli-prete-au-paris-fc","status":"publish","type":"post","link":"https:\/\/www.sitercl.com\/News\/?p=4311","title":{"rendered":"Charles Boli pr\u00eat\u00e9 au Paris FC"},"content":{"rendered":"\n<div class=\"wp-block-image\"><figure class=\"alignright size-large\"><img decoding=\"async\" src=\"https:\/\/www.sitercl.com\/Fichejo\/B\/bolichar.gif\" alt=\"\"\/><\/figure><\/div>\n\n\n\n<p>Le milieu excentr\u00e9 <a href=\"https:\/\/www.sitercl.com\/Fichejo\/B\/bolichar.htm\">Charles Boli<\/a>, 22 ans, sous contrat jusqu&rsquo;en juin\u00a02024, a \u00e9t\u00e9 pr\u00eat\u00e9 ce lundi pour les six prochains mois au Paris FC (L2). Ce pr\u00eat n&rsquo;est assorti d&rsquo;aucune option d&rsquo;achat.<br>Selon le club lensois, c&rsquo;\u00e9tait le joueur qui voulait plus de temps de jeu. Il faut dire qu&rsquo;apr\u00e8s <a href=\"https:\/\/www.sitercl.com\/News\/?p=3424\">sa blessure et op\u00e9ration<\/a> du d\u00e9but de la saison, il n&rsquo;avait pas encore jou\u00e9 une seule minute avec l&rsquo;\u00e9quipe premi\u00e8re.<\/p>\n","protected":false},"excerpt":{"rendered":"<p>Le milieu excentr\u00e9 Charles Boli, 22 ans, sous contrat jusqu&rsquo;en juin\u00a02024, a \u00e9t\u00e9 pr\u00eat\u00e9 ce lundi pour les six prochains mois au Paris FC (L2). Ce pr\u00eat n&rsquo;est assorti d&rsquo;aucune option d&rsquo;achat.Selon le club lensois, c&rsquo;\u00e9tait le joueur qui voulait plus de temps de jeu. Il faut dire qu&rsquo;apr\u00e8s sa blessure et op\u00e9ration du d\u00e9but &hellip; <a href=\"https:\/\/www.sitercl.com\/News\/?p=4311\" class=\"more-link\">Continuer la lecture<span class=\"screen-reader-text\"> de &laquo;&nbsp;Charles Boli pr\u00eat\u00e9 au Paris FC&nbsp;&raquo;<\/span><\/a><\/p>\n","protected":false},"author":2,"featured_media":0,"comment_status":"closed","ping_status":"open","sticky":false,"template":"","format":"standard","meta":{"footnotes":""},"categories":[2],"tags":[28,64,111,198],"class_list":["post-4311","post","type-post","status-publish","format-standard","hentry","category-infos","tag-boli","tag-mercato","tag-paris-fc","tag-pret"],"_links":{"self":[{"href":"https:\/\/www.sitercl.com\/News\/index.php?rest_route=\/wp\/v2\/posts\/4311","targetHints":{"allow":["GET"]}}],"collection":[{"href":"https:\/\/www.sitercl.com\/News\/index.php?rest_route=\/wp\/v2\/posts"}],"about":[{"href":"https:\/\/www.sitercl.com\/News\/index.php?rest_route=\/wp\/v2\/types\/post"}],"author":[{"embeddable":true,"href":"https:\/\/www.sitercl.com\/News\/index.php?rest_route=\/wp\/v2\/users\/2"}],"replies":[{"embeddable":true,"href":"https:\/\/www.sitercl.com\/News\/index.php?rest_route=%2Fwp%2Fv2%2Fcomments&post=4311"}],"version-history":[{"count":1,"href":"https:\/\/www.sitercl.com\/News\/index.php?rest_route=\/wp\/v2\/posts\/4311\/revisions"}],"predecessor-version":[{"id":4312,"href":"https:\/\/www.sitercl.com\/News\/index.php?rest_route=\/wp\/v2\/posts\/4311\/revisions\/4312"}],"wp:attachment":[{"href":"https:\/\/www.sitercl.com\/News\/index.php?rest_route=%2Fwp%2Fv2%2Fmedia&parent=4311"}],"wp:term":[{"taxonomy":"category","embeddable":true,"href":"https:\/\/www.sitercl.com\/News\/index.php?rest_route=%2Fwp%2Fv2%2Fcategories&post=4311"},{"taxonomy":"post_tag","embeddable":true,"href":"https:\/\/www.sitercl.com\/News\/index.php?rest_route=%2Fwp%2Fv2%2Ftags&post=4311"}],"curies":[{"name":"wp","href":"https:\/\/api.w.org\/{rel}","templated":true}]}}