{"id":4349,"date":"2021-01-09T11:33:15","date_gmt":"2021-01-09T10:33:15","guid":{"rendered":"https:\/\/www.sitercl.com\/News\/?p=4349"},"modified":"2021-01-23T19:30:58","modified_gmt":"2021-01-23T18:30:58","slug":"revue-de-presse-lens-strasbourg","status":"publish","type":"post","link":"https:\/\/www.sitercl.com\/News\/?p=4349","title":{"rendered":"Revue de presse Lens &#8211; Strasbourg"},"content":{"rendered":"\n<div class=\"wp-block-image\"><figure class=\"alignright size-large\"><img loading=\"lazy\" decoding=\"async\" width=\"150\" height=\"106\" src=\"https:\/\/www.sitercl.com\/News\/wp-content\/uploads\/2019\/01\/clavball.png\" alt=\"\" class=\"wp-image-587\"\/><\/figure><\/div>\n\n\n\n<p>Retrouvez une s\u00e9lection d&rsquo;articles du Web sur le match Lens &#8211; Strasbourg (0-1) comptant pour la 19e journ\u00e9e de Ligue 1 Uber Eats&#8230;<\/p>\n\n\n\n<p><b>www.butfootballclub.fr<\/b> :<br>-09\/01\/2021 <a rel=\"noopener\" href=\"https:\/\/www.butfootballclub.fr\/rc-lens\/actualite\/rc-lens-rc-strasbourg-0-1-les-tops-et-les-flops-de-la-defaite-lensoise-451451\" target=\"_blank\">RC Lens \u2013 RC Strasbourg (0-1) : les Tops et les Flops de la d\u00e9faite lensoise<\/a><br><br><b>news.maxifoot.fr<\/b> :<br>-09\/01\/2021 <a href=\"https:\/\/news.maxifoot.fr\/ligue-1\/lens-0-1-strasbourg-fini-foot-339603.htm\" target=\"_blank\" rel=\"noopener\">L1 : Lens 0-1 Strasbourg (fini)<\/a><br><br><b>www.dna.fr<\/b> :<br>-09\/01\/2021 <a href=\"https:\/\/www.dna.fr\/sport\/2021\/01\/09\/le-racing-s-impose-a-lens-(0-1)-et-passe-quinzieme\" target=\"_blank\" rel=\"noopener\">Le Racing passe 15e apr\u00e8s son succ\u00e8s \u00e0 Lens (0-1)<\/a><br><br><b>www.lavoixdunord.fr<\/b> :<br>-09\/01\/2021 <a href=\"https:\/\/www.lavoixdunord.fr\/918589\/article\/2021-01-09\/ligue-1-strasbourg-un-adversaire-de-taille-pour-lens-suivez-notre-direct\" target=\"_blank\" rel=\"noopener\">Lens refroidi par Strasbourg dans le brouillard de Bollaert<\/a><br><br><b>actu.fr<\/b> :<br>-09\/01\/2021 <a href=\"https:\/\/actu.fr\/hauts-de-france\/lens_62498\/ligue-1-dans-un-epais-brouillard-le-rc-lens-est-surpris-par-strasbourg_38613339.html\" target=\"_blank\" rel=\"noopener\">Dans un \u00e9pais brouillard, le RC Lens est surpris par Strasbourg<\/a><br><br><b>www.francebleu.fr<\/b> :<br>-09\/01\/2021 <a href=\"https:\/\/www.francebleu.fr\/sports\/football\/direct-l1-un-adversaire-a-sa-taille-pour-le-rc-lens-contre-strasbourg-1610187745\" target=\"_blank\" rel=\"noopener\">Des Lensois coinc\u00e9s entre nuit et brouillard face \u00e0 Strasbourg<\/a><br><br><b>www.lequipe.fr<\/b> :<br>-10\/01\/2021 <a href=\"https:\/\/www.lequipe.fr\/Football\/Actualites\/Thierry-laurey-strasbourg-la-victoire-aurait-pu-etre-beaucoup-plus-large-a-lens\/1213185\" target=\"_blank\" rel=\"noopener\">Thierry Laurey (Strasbourg) : \u00ab La victoire aurait pu \u00eatre beaucoup plus large \u00bb \u00e0 Lens<\/a><br><br><b>rmcsport.bfmtv.com<\/b> :<br>-10\/01\/2021 <a href=\"https:\/\/rmcsport.bfmtv.com\/football\/lens-strasbourg-le-coup-de-gueule-de-laurey-a-cause-du-brouillard-2027881.html\" target=\"_blank\" rel=\"noopener\">Lens-Strasbourg: le coup de gueule de Laurey \u00e0 cause du brouillard<\/a><\/p>\n\n\n\n<div class=\"wp-block-image\"><figure class=\"aligncenter size-large\"><img decoding=\"async\" src=\"https:\/\/www.sitercl.com\/Navigat\/NAVIsep3.gif\" alt=\"\"\/><\/figure><\/div>\n\n\n\n<p><em>Avant-match&#8230;<\/em><br><br><b>www.20minutes.fr<\/b> :<br>-08\/01\/2021 <a rel=\"noopener\" href=\"https:\/\/www.20minutes.fr\/sport\/2947363-20210108-rc-lens-rc-strasbourg-rien-normal-arrive-savoure-jonathan-clauss-decouvre-ligue-1-28-ans\" target=\"_blank\">RC Lens- RC Strasbourg : \u00ab Rien n\u2019est normal dans ce qui m\u2019arrive \u00bb, savoure Jonathan Clauss qui d\u00e9couvre la Ligue 1 \u00e0 28 ans<\/a><br><br><b>www.lavoixdunord.fr<\/b> :<br>-08\/01\/2021 <a rel=\"noopener\" href=\"https:\/\/www.lavoixdunord.fr\/918161\/article\/2021-01-08\/ligue-1-strasbourg-un-probleme-de-taille-pour-le-rc-lens\" target=\"_blank\">Ligue 1 : Strasbourg, un probl\u00e8me de taille pour le RC Lens<\/a><br>-08\/01\/2021 <a rel=\"noopener\" href=\"https:\/\/www.lavoixdunord.fr\/918153\/article\/2021-01-08\/rc-lens-arnaud-kalimuendo-decisif-tous-les-niveaux\" target=\"_blank\">RC Lens : Arnaud Kalimuendo, d\u00e9cisif \u00e0 tous les niveaux<\/a><br>-08\/01\/2021 <a rel=\"noopener\" href=\"https:\/\/www.lavoixdunord.fr\/917984\/article\/2021-01-08\/rc-lens-certains-auront-une-carte-jouer-contre-strasbourg-annonce-franck-haise\" target=\"_blank\">RC Lens: \u00abCertains auront une carte \u00e0 jouer contre Strasbourg\u00bb, annonce Franck Haise<\/a><br>-08\/01\/2021 <a rel=\"noopener\" href=\"https:\/\/www.lavoixdunord.fr\/918045\/article\/2021-01-08\/ne-rien-lacher-c-est-l-ame-de-cette-equipe-assure-jonathan-clauss-le-joueur-du\" target=\"_blank\">\u00abNe rien l\u00e2cher, c\u2019est l\u2019\u00e2me de cette \u00e9quipe\u00bb, assure Jonathan Clauss, le joueur du RC Lens<\/a><br><br><b>www.foot-national.com<\/b> :<br>-08\/01\/2021 <a rel=\"noopener\" href=\"https:\/\/www.foot-national.com\/foot-lens-strasbourg-les-compos-probables-et-les-absents-146570.html\" target=\"_blank\">Lens &#8211; Strasbourg : les compos probables et les absents<\/a><br><br><b>www.dna.fr<\/b> :<br>-08\/01\/2021 <a rel=\"noopener\" href=\"https:\/\/www.dna.fr\/sport\/2021\/01\/08\/racing-on-prend-les-meme-pour-esperer-recommencer-a-lens\" target=\"_blank\">Lens &#8211; Racing, samedi (21h). Racing : on prend les m\u00eames pour esp\u00e9rer recommencer \u00e0 Lens<\/a><br>-08\/01\/2021 <a rel=\"noopener\" href=\"https:\/\/www.dna.fr\/sport\/2021\/01\/08\/strasbourg-rcsa-laurey-lens-racing-thomasson-ligue1-football\" target=\"_blank\">[VIDEO] Thierry Laurey, entra\u00eeneur du Racing: \u00ab\u00a0Lens, une \u00e9quipe tr\u00e8s int\u00e9ressante, tr\u00e8s joueuse\u00a0\u00bb<\/a><br><br><b>actu.fr<\/b> :<br>-08\/01\/2021 <a rel=\"noopener\" href=\"https:\/\/actu.fr\/hauts-de-france\/lens_62498\/rc-lens-on-est-la-pour-creer-des-emotions-avant-tout-assume-franck-haise_38591526.html\" target=\"_blank\">RC Lens. \u00ab On est l\u00e0 pour cr\u00e9er des \u00e9motions avant tout \u00bb, assume Franck Haise<\/a><\/p>\n","protected":false},"excerpt":{"rendered":"<p>Retrouvez une s\u00e9lection d&rsquo;articles du Web sur le match Lens &#8211; Strasbourg (0-1) comptant pour la 19e journ\u00e9e de Ligue 1 Uber Eats&#8230; www.butfootballclub.fr :-09\/01\/2021 RC Lens \u2013 RC Strasbourg (0-1) : les Tops et les Flops de la d\u00e9faite lensoise news.maxifoot.fr :-09\/01\/2021 L1 : Lens 0-1 Strasbourg (fini) www.dna.fr :-09\/01\/2021 Le Racing passe 15e &hellip; <a href=\"https:\/\/www.sitercl.com\/News\/?p=4349\" class=\"more-link\">Continuer la lecture<span class=\"screen-reader-text\"> de &laquo;&nbsp;Revue de presse Lens &#8211; Strasbourg&nbsp;&raquo;<\/span><\/a><\/p>\n","protected":false},"author":2,"featured_media":0,"comment_status":"closed","ping_status":"open","sticky":false,"template":"","format":"standard","meta":{"footnotes":""},"categories":[6],"tags":[13,151,188],"class_list":["post-4349","post","type-post","status-publish","format-standard","hentry","category-revue-du-web","tag-internet","tag-ligue-1","tag-strasbourg"],"_links":{"self":[{"href":"https:\/\/www.sitercl.com\/News\/index.php?rest_route=\/wp\/v2\/posts\/4349","targetHints":{"allow":["GET"]}}],"collection":[{"href":"https:\/\/www.sitercl.com\/News\/index.php?rest_route=\/wp\/v2\/posts"}],"about":[{"href":"https:\/\/www.sitercl.com\/News\/index.php?rest_route=\/wp\/v2\/types\/post"}],"author":[{"embeddable":true,"href":"https:\/\/www.sitercl.com\/News\/index.php?rest_route=\/wp\/v2\/users\/2"}],"replies":[{"embeddable":true,"href":"https:\/\/www.sitercl.com\/News\/index.php?rest_route=%2Fwp%2Fv2%2Fcomments&post=4349"}],"version-history":[{"count":9,"href":"https:\/\/www.sitercl.com\/News\/index.php?rest_route=\/wp\/v2\/posts\/4349\/revisions"}],"predecessor-version":[{"id":4496,"href":"https:\/\/www.sitercl.com\/News\/index.php?rest_route=\/wp\/v2\/posts\/4349\/revisions\/4496"}],"wp:attachment":[{"href":"https:\/\/www.sitercl.com\/News\/index.php?rest_route=%2Fwp%2Fv2%2Fmedia&parent=4349"}],"wp:term":[{"taxonomy":"category","embeddable":true,"href":"https:\/\/www.sitercl.com\/News\/index.php?rest_route=%2Fwp%2Fv2%2Fcategories&post=4349"},{"taxonomy":"post_tag","embeddable":true,"href":"https:\/\/www.sitercl.com\/News\/index.php?rest_route=%2Fwp%2Fv2%2Ftags&post=4349"}],"curies":[{"name":"wp","href":"https:\/\/api.w.org\/{rel}","templated":true}]}}