{"id":4351,"date":"2021-01-08T19:40:16","date_gmt":"2021-01-08T18:40:16","guid":{"rendered":"https:\/\/www.sitercl.com\/News\/?p=4351"},"modified":"2021-01-08T19:48:40","modified_gmt":"2021-01-08T18:48:40","slug":"les-groupes-pour-lens-strasbourg","status":"publish","type":"post","link":"https:\/\/www.sitercl.com\/News\/?p=4351","title":{"rendered":"Les groupes pour Lens &#8211; Strasbourg"},"content":{"rendered":"\n<div class=\"wp-block-image\"><figure class=\"alignright size-large\"><img loading=\"lazy\" decoding=\"async\" width=\"137\" height=\"150\" src=\"https:\/\/www.sitercl.com\/News\/wp-content\/uploads\/2018\/12\/grpjoueu.jpg\" alt=\"\" class=\"wp-image-248\"\/><\/figure><\/div>\n\n\n\n<p>Retrouvez les groupes convoqu\u00e9s pour la rencontre Lens &#8211; Strasbourg de la 19e journ\u00e9e de Ligue 1 Uber Eats qui se jouera ce samedi \u00e0 partir de 21h&#8230;<\/p>\n\n\n\n<p><strong>Pour le RC Lens<\/strong> :<br>Farinez, Leca \u2013 Bad\u00e9, Boura, Clauss, Fortes, Gradit, Ha\u00efdara, Michelin, Sylla \u2013 Cahuzac, Doucour\u00e9, Fofana, Kakuta, Pereira Da Costa \u2013 Banza, Ganago, Jean, Kalimuendo, Sotoca.<\/p>\n\n\n\n<p>F. Medina et C. Traor\u00e9 sont toujours forfaits pour ce match. Tony Mauricio avait fait lui son retour aux entra\u00eenements depuis jeudi mais finalement Franck Ha\u00efse ne l&rsquo;a pas retenu dans le groupe. L&rsquo;entra\u00eeneur lensois qui a indiqu\u00e9 qu&rsquo;il allait certainement faire plusieurs changements par rapport au match face \u00e0 l&rsquo;OL.<\/p>\n\n\n\n<p><strong>Pour le RC Strasbourg<\/strong> :<br>Eiji Kawashima, Alexandre Pierre \u2013 Mohamed Simakan, Kenny Lala, Stefan Mitrovic, Anthony Caci, Lionel Carole, Alexander Djiku \u2013 Jean-Eudes Aholou, Dimitri Li\u00e9nard, Sanjin Prci\u0107, Jean-Ricner Bellegarde, Maham\u00e9 Siby, Mehdi Chahiri, Adrien Thomasson, Ibrahima Sissoko \u2013 Majeed Waris, K\u00e9vin Zohi, Ludovic Ajorque, Habib Diallo.<\/p>\n\n\n\n<p>Les bless\u00e9s sont Bingourou Kamara et Lamine Kon\u00e9. Matz Sels et Lebo Mothiba sont eux en phase de reprise. Les anciens lensois, Bellegarde et Lala sont pr\u00e9sents dans ce groupe.<\/p>\n\n\n\n<p><strong>Les arbitres <\/strong>:<br>L&rsquo;arbitre principal de cette rencontre sera Cl\u00e9ment TURPIN (arbitre international, 38 ans). Il sera assist\u00e9 par Nicolas DANOS et Cyril GRINGORE. Le 4e arbitre sera\u00a0Benjamin LEPAYSANT et les arbitres assistants vid\u00e9o\u00a0: J\u00e9r\u00e9mie PIGNARD et Alexandre CASTRO.<br>En huit apparitions en L1 (dont Nantes &#8211; Strasbourg, 0-4) cette saison, il a distribu\u00e9 30 cartons jaune et 4 rouge.<\/p>\n","protected":false},"excerpt":{"rendered":"<p>Retrouvez les groupes convoqu\u00e9s pour la rencontre Lens &#8211; Strasbourg de la 19e journ\u00e9e de Ligue 1 Uber Eats qui se jouera ce samedi \u00e0 partir de 21h&#8230; Pour le RC Lens :Farinez, Leca \u2013 Bad\u00e9, Boura, Clauss, Fortes, Gradit, Ha\u00efdara, Michelin, Sylla \u2013 Cahuzac, Doucour\u00e9, Fofana, Kakuta, Pereira Da Costa \u2013 Banza, Ganago, Jean, &hellip; <a href=\"https:\/\/www.sitercl.com\/News\/?p=4351\" class=\"more-link\">Continuer la lecture<span class=\"screen-reader-text\"> de &laquo;&nbsp;Les groupes pour Lens &#8211; Strasbourg&nbsp;&raquo;<\/span><\/a><\/p>\n","protected":false},"author":2,"featured_media":0,"comment_status":"closed","ping_status":"open","sticky":false,"template":"","format":"standard","meta":{"footnotes":""},"categories":[2],"tags":[11,151,188],"class_list":["post-4351","post","type-post","status-publish","format-standard","hentry","category-infos","tag-groupes","tag-ligue-1","tag-strasbourg"],"_links":{"self":[{"href":"https:\/\/www.sitercl.com\/News\/index.php?rest_route=\/wp\/v2\/posts\/4351","targetHints":{"allow":["GET"]}}],"collection":[{"href":"https:\/\/www.sitercl.com\/News\/index.php?rest_route=\/wp\/v2\/posts"}],"about":[{"href":"https:\/\/www.sitercl.com\/News\/index.php?rest_route=\/wp\/v2\/types\/post"}],"author":[{"embeddable":true,"href":"https:\/\/www.sitercl.com\/News\/index.php?rest_route=\/wp\/v2\/users\/2"}],"replies":[{"embeddable":true,"href":"https:\/\/www.sitercl.com\/News\/index.php?rest_route=%2Fwp%2Fv2%2Fcomments&post=4351"}],"version-history":[{"count":4,"href":"https:\/\/www.sitercl.com\/News\/index.php?rest_route=\/wp\/v2\/posts\/4351\/revisions"}],"predecessor-version":[{"id":4359,"href":"https:\/\/www.sitercl.com\/News\/index.php?rest_route=\/wp\/v2\/posts\/4351\/revisions\/4359"}],"wp:attachment":[{"href":"https:\/\/www.sitercl.com\/News\/index.php?rest_route=%2Fwp%2Fv2%2Fmedia&parent=4351"}],"wp:term":[{"taxonomy":"category","embeddable":true,"href":"https:\/\/www.sitercl.com\/News\/index.php?rest_route=%2Fwp%2Fv2%2Fcategories&post=4351"},{"taxonomy":"post_tag","embeddable":true,"href":"https:\/\/www.sitercl.com\/News\/index.php?rest_route=%2Fwp%2Fv2%2Ftags&post=4351"}],"curies":[{"name":"wp","href":"https:\/\/api.w.org\/{rel}","templated":true}]}}