{"id":4401,"date":"2021-01-15T18:51:55","date_gmt":"2021-01-15T17:51:55","guid":{"rendered":"https:\/\/www.sitercl.com\/News\/?p=4401"},"modified":"2021-01-15T18:51:55","modified_gmt":"2021-01-15T17:51:55","slug":"des-nouvelles-de-linfirmerie-4","status":"publish","type":"post","link":"https:\/\/www.sitercl.com\/News\/?p=4401","title":{"rendered":"Des nouvelles de l&rsquo;infirmerie"},"content":{"rendered":"\n<div class=\"wp-block-image\"><figure class=\"alignright size-large is-resized\"><img loading=\"lazy\" decoding=\"async\" src=\"https:\/\/www.sitercl.com\/News\/wp-content\/uploads\/2018\/12\/infirmerie.jpg\" alt=\"\" class=\"wp-image-214\" width=\"127\" height=\"169\" srcset=\"https:\/\/www.sitercl.com\/News\/wp-content\/uploads\/2018\/12\/infirmerie.jpg 253w, https:\/\/www.sitercl.com\/News\/wp-content\/uploads\/2018\/12\/infirmerie-225x300.jpg 225w\" sizes=\"auto, (max-width: 127px) 85vw, 127px\" \/><\/figure><\/div>\n\n\n\n<p>Bless\u00e9 lors de la rencontre face \u00e0 Strasbourg (entorse \u00e0 la cheville), Lo\u00efc Bad\u00e9 sera malheureusement absent ce dimanche face \u00e0 Nantes. Il risque \u00e9galement de ne pas pouvoir participer aux deux matches de la semaine suivante (\u00e0 Marseille et contre Nice).<br>Autre absent certainement dimanche, celle de Corentin Jean (blessure musculaire).<br>Il n&rsquo;y a toutefois pas que des mauvaises nouvelles du c\u00f4t\u00e9 de l&rsquo;infirmerie lensoise puisque Facundo Medina est lui de retour suite \u00e0 son probl\u00e8me au genou depuis la fin de d\u00e9cembre. Il ne devrait toutefois pas \u00eatre titulaire d\u00e8s dimanche.<\/p>\n","protected":false},"excerpt":{"rendered":"<p>Bless\u00e9 lors de la rencontre face \u00e0 Strasbourg (entorse \u00e0 la cheville), Lo\u00efc Bad\u00e9 sera malheureusement absent ce dimanche face \u00e0 Nantes. Il risque \u00e9galement de ne pas pouvoir participer aux deux matches de la semaine suivante (\u00e0 Marseille et contre Nice).Autre absent certainement dimanche, celle de Corentin Jean (blessure musculaire).Il n&rsquo;y a toutefois pas &hellip; <a href=\"https:\/\/www.sitercl.com\/News\/?p=4401\" class=\"more-link\">Continuer la lecture<span class=\"screen-reader-text\"> de &laquo;&nbsp;Des nouvelles de l&rsquo;infirmerie&nbsp;&raquo;<\/span><\/a><\/p>\n","protected":false},"author":2,"featured_media":0,"comment_status":"closed","ping_status":"open","sticky":false,"template":"","format":"standard","meta":{"footnotes":""},"categories":[2],"tags":[301,47,255,346],"class_list":["post-4401","post","type-post","status-publish","format-standard","hentry","category-infos","tag-bade","tag-infirmerie","tag-jean","tag-medina"],"_links":{"self":[{"href":"https:\/\/www.sitercl.com\/News\/index.php?rest_route=\/wp\/v2\/posts\/4401","targetHints":{"allow":["GET"]}}],"collection":[{"href":"https:\/\/www.sitercl.com\/News\/index.php?rest_route=\/wp\/v2\/posts"}],"about":[{"href":"https:\/\/www.sitercl.com\/News\/index.php?rest_route=\/wp\/v2\/types\/post"}],"author":[{"embeddable":true,"href":"https:\/\/www.sitercl.com\/News\/index.php?rest_route=\/wp\/v2\/users\/2"}],"replies":[{"embeddable":true,"href":"https:\/\/www.sitercl.com\/News\/index.php?rest_route=%2Fwp%2Fv2%2Fcomments&post=4401"}],"version-history":[{"count":1,"href":"https:\/\/www.sitercl.com\/News\/index.php?rest_route=\/wp\/v2\/posts\/4401\/revisions"}],"predecessor-version":[{"id":4402,"href":"https:\/\/www.sitercl.com\/News\/index.php?rest_route=\/wp\/v2\/posts\/4401\/revisions\/4402"}],"wp:attachment":[{"href":"https:\/\/www.sitercl.com\/News\/index.php?rest_route=%2Fwp%2Fv2%2Fmedia&parent=4401"}],"wp:term":[{"taxonomy":"category","embeddable":true,"href":"https:\/\/www.sitercl.com\/News\/index.php?rest_route=%2Fwp%2Fv2%2Fcategories&post=4401"},{"taxonomy":"post_tag","embeddable":true,"href":"https:\/\/www.sitercl.com\/News\/index.php?rest_route=%2Fwp%2Fv2%2Ftags&post=4401"}],"curies":[{"name":"wp","href":"https:\/\/api.w.org\/{rel}","templated":true}]}}