{"id":460,"date":"2019-01-10T18:54:13","date_gmt":"2019-01-10T17:54:13","guid":{"rendered":"https:\/\/www.sitercl.com\/News\/?p=460"},"modified":"2019-01-10T18:54:13","modified_gmt":"2019-01-10T17:54:13","slug":"contrat-pour-un-jeune-du-club","status":"publish","type":"post","link":"https:\/\/www.sitercl.com\/News\/?p=460","title":{"rendered":"Contrat pour un jeune du club"},"content":{"rendered":"\n<div class=\"wp-block-image\"><figure class=\"alignright\"><img loading=\"lazy\" decoding=\"async\" width=\"100\" height=\"100\" src=\"https:\/\/www.sitercl.com\/News\/wp-content\/uploads\/2019\/01\/Pereira_Da_Costa_D.gif\" alt=\"\" class=\"wp-image-461\"\/><\/figure><\/div>\n\n\n\n<p>A tout juste 18 ans, le milieu de terrain <strong>David Pereira Da Costa<\/strong> a sign\u00e9 son premier contrat professionnel avec le RC Lens. Cela fait d\u00e9j\u00e0 sept ans qu&rsquo;il porte les couleurs Sang et Or en gravissant tous les \u00e9chelons des \u00e9quipes de jeunes. Il est ainsi actuellement le capitaine des U19 nationaux.<\/p>\n\n\n\n<p>Rappel, le club esp\u00e8re \u00e9galement ces jours-ci enregistrer plusieurs prolongations de contrat. Cela concerne Mounir Chouiar, Jean-Ricner Bellegarde et Modibo Sagnan. Le contrat de Mounir Chouiar finissant en juin prochain, il y a donc urgence pour celui-ci. On devrait aussi apprendre prochainement la prolongation de Jean-K\u00e9vin Duverne.<\/p>\n","protected":false},"excerpt":{"rendered":"<p>A tout juste 18 ans, le milieu de terrain David Pereira Da Costa a sign\u00e9 son premier contrat professionnel avec le RC Lens. Cela fait d\u00e9j\u00e0 sept ans qu&rsquo;il porte les couleurs Sang et Or en gravissant tous les \u00e9chelons des \u00e9quipes de jeunes. Il est ainsi actuellement le capitaine des U19 nationaux. Rappel, le &hellip; <a href=\"https:\/\/www.sitercl.com\/News\/?p=460\" class=\"more-link\">Continuer la lecture<span class=\"screen-reader-text\"> de &laquo;&nbsp;Contrat pour un jeune du club&nbsp;&raquo;<\/span><\/a><\/p>\n","protected":false},"author":2,"featured_media":0,"comment_status":"closed","ping_status":"open","sticky":false,"template":"","format":"standard","meta":{"footnotes":""},"categories":[2],"tags":[68,64,73],"class_list":["post-460","post","type-post","status-publish","format-standard","hentry","category-infos","tag-contrat","tag-mercato","tag-pereira-da-costa"],"_links":{"self":[{"href":"https:\/\/www.sitercl.com\/News\/index.php?rest_route=\/wp\/v2\/posts\/460","targetHints":{"allow":["GET"]}}],"collection":[{"href":"https:\/\/www.sitercl.com\/News\/index.php?rest_route=\/wp\/v2\/posts"}],"about":[{"href":"https:\/\/www.sitercl.com\/News\/index.php?rest_route=\/wp\/v2\/types\/post"}],"author":[{"embeddable":true,"href":"https:\/\/www.sitercl.com\/News\/index.php?rest_route=\/wp\/v2\/users\/2"}],"replies":[{"embeddable":true,"href":"https:\/\/www.sitercl.com\/News\/index.php?rest_route=%2Fwp%2Fv2%2Fcomments&post=460"}],"version-history":[{"count":1,"href":"https:\/\/www.sitercl.com\/News\/index.php?rest_route=\/wp\/v2\/posts\/460\/revisions"}],"predecessor-version":[{"id":462,"href":"https:\/\/www.sitercl.com\/News\/index.php?rest_route=\/wp\/v2\/posts\/460\/revisions\/462"}],"wp:attachment":[{"href":"https:\/\/www.sitercl.com\/News\/index.php?rest_route=%2Fwp%2Fv2%2Fmedia&parent=460"}],"wp:term":[{"taxonomy":"category","embeddable":true,"href":"https:\/\/www.sitercl.com\/News\/index.php?rest_route=%2Fwp%2Fv2%2Fcategories&post=460"},{"taxonomy":"post_tag","embeddable":true,"href":"https:\/\/www.sitercl.com\/News\/index.php?rest_route=%2Fwp%2Fv2%2Ftags&post=460"}],"curies":[{"name":"wp","href":"https:\/\/api.w.org\/{rel}","templated":true}]}}