{"id":4608,"date":"2021-02-09T19:06:58","date_gmt":"2021-02-09T18:06:58","guid":{"rendered":"https:\/\/www.sitercl.com\/News\/?p=4608"},"modified":"2021-02-11T18:37:00","modified_gmt":"2021-02-11T17:37:00","slug":"revue-du-web-cdf-nantes-lens","status":"publish","type":"post","link":"https:\/\/www.sitercl.com\/News\/?p=4608","title":{"rendered":"Revue du Web : [Cdf] Nantes &#8211; Lens"},"content":{"rendered":"\n<div class=\"wp-block-image\"><figure class=\"alignright size-large\"><img loading=\"lazy\" decoding=\"async\" width=\"150\" height=\"106\" src=\"https:\/\/www.sitercl.com\/News\/wp-content\/uploads\/2019\/01\/clavball.png\" alt=\"\" class=\"wp-image-587\"\/><\/figure><\/div>\n\n\n\n<p>Retrouvez une s\u00e9lection d&rsquo;articles du Web sur la rencontre des 32\u00e8mes de finale de la Coupe de France entre Nantes et Lens (2-4)\u2026<\/p>\n\n\n\n<p><b>www.lavoixdunord.fr<\/b> :<br>-10\/02\/2021 <a href=\"https:\/\/www.lavoixdunord.fr\/933690\/article\/2021-02-10\/coupe-de-france-le-rc-lens-avale-le-fc-nantes-et-fonce-en-16e-de-finale\" target=\"_blank\" rel=\"noopener\">Coupe de France : le RC Lens avale le FC Nantes et fonce en 16es de finale<\/a><br>-10\/02\/2021 <a href=\"https:\/\/www.lavoixdunord.fr\/933743\/article\/2021-02-10\/mes-joueurs-montrent-un-bel-etat-d-esprit-resume-franck-haise-apres-nantes-rc\" target=\"_blank\" rel=\"noopener\">\u00abMes joueurs montrent un bel \u00e9tat d\u2019esprit\u00bb, r\u00e9sume Franck Haise, apr\u00e8s Nantes &#8211; RC Lens<\/a><br>-10\/02\/2021 <a href=\"https:\/\/www.lavoixdunord.fr\/934060\/article\/2021-02-10\/rc-lens-corentin-jean-leur-tout-fait-c-est-top-pour-la-confiance\" target=\"_blank\" rel=\"noopener\">Nantes &#8211; Lens : \u00ab C\u2019est top pour la confiance \u00bb, savoure Corentin Jean<\/a><br><br><b>www.butfootballclub.fr<\/b> :<br>-10\/02\/2021 <a href=\"https:\/\/www.butfootballclub.fr\/fc-nantes\/actualite\/fc-nantes-rc-lens-2-4-les-canaris-au-fond-du-trou-les-sang-et-or-en-pleine-bourre-un-monde-les-separe--456467\" target=\"_blank\" rel=\"noopener\">FC Nantes &#8211; RC Lens (2-4) : les Canaris au fond du trou, les Sang et Or en pleine bourre, un monde les s\u00e9pare<\/a><br>-10\/02\/2021 <a href=\"https:\/\/www.butfootballclub.fr\/rc-lens\/actualite\/fc-nantes-rc-lens-2-4-cahuzac-loue-la-grande-force-des-sang-et-or-456498\" target=\"_blank\" rel=\"noopener\">FC Nantes &#8211; RC Lens (2-4) : Cahuzac loue la grande force des Sang et Or<\/a><br><br><b>www.francebleu.fr<\/b> :<br>-10\/02\/2021 <a href=\"https:\/\/www.francebleu.fr\/sports\/football\/coupe-de-france-lens-debute-son-aventure-a-nantes-1612878426\" target=\"_blank\" rel=\"noopener\">Coupe de France : Lens se balade \u00e0 Nantes et l&#8217;emporte 4-2<\/a><br><br><b>actu.fr<\/b> :<br>-10\/02\/2021 <a href=\"https:\/\/actu.fr\/hauts-de-france\/lens_62498\/coupe-de-france-lens-elimine-nantes-et-se-qualifie-pour-les-16es-de-finale_39362445.html\" target=\"_blank\" rel=\"noopener\">Coupe de France : Lens \u00e9limine Nantes et se qualifie pour les 16e de finale<\/a><br><br><b>www.eurosport.fr<\/b> :<br>-10\/02\/2021 <a href=\"https:\/\/www.eurosport.fr\/football\/coupe-de-france\/2020-2021\/cdf-video-une-belle-ouverture-du-score-puis-une-deroute-le-resume-du-naufrage-nantais_vid1421977\/video.shtml\" target=\"_blank\" rel=\"noopener\">CDF &#8211; Vid\u00e9o : Une belle ouverture du score puis une d\u00e9route : le r\u00e9sum\u00e9 du naufrage nantais<\/a><br>-10\/02\/2021 <a href=\"https:\/\/www.eurosport.fr\/football\/coupe-de-france\/2020-2021\/surrealiste-licencie-domenech-a-pourtant-coache-ses-hommes-face-a-lens_sto8114948\/story.shtml\" target=\"_blank\" rel=\"noopener\">Surr\u00e9aliste : licenci\u00e9, Domenech a pourtant coach\u00e9 ses hommes face \u00e0 Lens<\/a><br><br><b>france3-regions.francetvinfo.fr<\/b> :<br>-10\/02\/2021 <a href=\"https:\/\/france3-regions.francetvinfo.fr\/hauts-de-france\/victoire-du-rc-lens-a-4-2-contre-nantes-1951159.html\" target=\"_blank\" rel=\"noopener\">Victoire du RC Lens \u00e0 4-2 contre Nantes et qualification aux 16\u00e8mes de finale de la Coupe de France<\/a><\/p>\n\n\n\n<div class=\"wp-block-image\"><figure class=\"aligncenter size-large\"><img decoding=\"async\" src=\"https:\/\/www.sitercl.com\/Navigat\/NAVIsep3.gif\" alt=\"\"\/><\/figure><\/div>\n\n\n\n<p><b>www.lequipe.fr<\/b> :<br>-09\/02\/2021 <a href=\"https:\/\/www.lequipe.fr\/Football\/Actualites\/Lens-avec-kakuta-sans-haidara-ni-banza-a-nantes-en-coupe-de-france\/1221558\" target=\"_blank\" rel=\"noopener\">Lens avec Kakuta, sans Ha\u00efdara ni Banza \u00e0 Nantes en Coupe de France<\/a><br>-09\/02\/2021 <a href=\"https:\/\/www.lequipe.fr\/Football\/Actualites\/Raymond-domenech-nantes-il-faut-qu-ils-se-bousculent\/1221477\" target=\"_blank\" rel=\"noopener\">Raymond Domenech (Nantes) : \u00ab Il faut qu&rsquo;ils se bousculent \u00bb<\/a><br>-09\/02\/2021 <a href=\"https:\/\/www.lequipe.fr\/Football\/Actualites\/Renaud-emond-incertain-avec-nantes-en-coupe-de-france-fabio-et-kalifa-coulibaly-forfait\/1221456\" target=\"_blank\" rel=\"noopener\">Renaud Emond incertain avec Nantes en Coupe de France, Fabio et Kalifa Coulibaly forfait<\/a><br><br><b>actu.fr<\/b> :<br>-09\/02\/2021 <a href=\"https:\/\/actu.fr\/hauts-de-france\/lens_62498\/la-coupe-de-france-une-eclaircie-pour-les-joueurs-en-manque-de-temps-de-jeu-au-rc-lens_39323811.html\" target=\"_blank\" rel=\"noopener\">La Coupe de France, une \u00e9claircie pour les joueurs en manque de temps de jeu au RC Lens<\/a><br><br><b>www.ouest-france.fr<\/b> :<br>-09\/02\/2021 <a href=\"https:\/\/www.ouest-france.fr\/sport\/football\/fc-nantes\/fc-nantes-coupe-de-france-emond-et-coulibaly-blesses-avant-la-rencontre-face-a-lens-2947ac7e-6ad5-11eb-9622-5ca33a754ca2\" target=\"_blank\" rel=\"noopener\">FC Nantes. Coupe de France : Emond et Coulibaly bless\u00e9s avant la rencontre face \u00e0 Lens<\/a><br><br><b>www.lavoixdunord.fr<\/b> :<br>-08\/02\/2021 <a href=\"https:\/\/www.lavoixdunord.fr\/931974\/article\/2021-02-08\/j-ai-des-competiteurs-avec-moi-previent-franck-haise-avant-nantes-rc-lens-en\" target=\"_blank\" rel=\"noopener\">\u00abJ\u2019ai des comp\u00e9titeurs avec moi\u00bb, pr\u00e9vient Franck Haise avant Nantes \u2013 RC Lens en Coupe de France<\/a><br>-08\/02\/2021 <a href=\"https:\/\/www.lavoixdunord.fr\/932048\/article\/2021-02-08\/mettre-le-doute-au-coach-l-un-des-objectifs-de-corentin-jean-avant-nantes-rc\" target=\"_blank\" rel=\"noopener\">\u00abMettre le doute au coach\u00bb, l\u2019un des objectifs de Corentin Jean, avant Nantes \u2013 RC Lens<\/a><br>-08\/02\/2021 <a href=\"https:\/\/www.lavoixdunord.fr\/931944\/article\/2021-02-08\/football-le-rc-lens-prive-de-trois-joueurs-nantes-mais-avec-farinez-dans-les\" target=\"_blank\" rel=\"noopener\">Football : le RC Lens priv\u00e9 de trois joueurs \u00e0 Nantes &#8230; mais avec Farinez dans les buts<\/a><br><br><b>www.butfootballclub.fr<\/b> :<br>-08\/02\/2021 <a href=\"https:\/\/www.butfootballclub.fr\/rc-lens\/actualite\/rc-lens-le-match-a-nantes-sa-saison-son-avenir-corentin-jean-s-est-confie-456203\" target=\"_blank\" rel=\"noopener\">RC Lens : le match \u00e0 Nantes, sa saison, son avenir&#8230; Corentin Jean s&rsquo;est confi\u00e9<\/a><\/p>\n","protected":false},"excerpt":{"rendered":"<p>Retrouvez une s\u00e9lection d&rsquo;articles du Web sur la rencontre des 32\u00e8mes de finale de la Coupe de France entre Nantes et Lens (2-4)\u2026 www.lavoixdunord.fr :-10\/02\/2021 Coupe de France : le RC Lens avale le FC Nantes et fonce en 16es de finale-10\/02\/2021 \u00abMes joueurs montrent un bel \u00e9tat d\u2019esprit\u00bb, r\u00e9sume Franck Haise, apr\u00e8s Nantes &#8211; &hellip; <a href=\"https:\/\/www.sitercl.com\/News\/?p=4608\" class=\"more-link\">Continuer la lecture<span class=\"screen-reader-text\"> de &laquo;&nbsp;Revue du Web : [Cdf] Nantes &#8211; Lens&nbsp;&raquo;<\/span><\/a><\/p>\n","protected":false},"author":2,"featured_media":0,"comment_status":"closed","ping_status":"open","sticky":false,"template":"","format":"standard","meta":{"footnotes":""},"categories":[6],"tags":[25,13,109],"class_list":["post-4608","post","type-post","status-publish","format-standard","hentry","category-revue-du-web","tag-coupe-de-france","tag-internet","tag-nantes"],"_links":{"self":[{"href":"https:\/\/www.sitercl.com\/News\/index.php?rest_route=\/wp\/v2\/posts\/4608","targetHints":{"allow":["GET"]}}],"collection":[{"href":"https:\/\/www.sitercl.com\/News\/index.php?rest_route=\/wp\/v2\/posts"}],"about":[{"href":"https:\/\/www.sitercl.com\/News\/index.php?rest_route=\/wp\/v2\/types\/post"}],"author":[{"embeddable":true,"href":"https:\/\/www.sitercl.com\/News\/index.php?rest_route=\/wp\/v2\/users\/2"}],"replies":[{"embeddable":true,"href":"https:\/\/www.sitercl.com\/News\/index.php?rest_route=%2Fwp%2Fv2%2Fcomments&post=4608"}],"version-history":[{"count":8,"href":"https:\/\/www.sitercl.com\/News\/index.php?rest_route=\/wp\/v2\/posts\/4608\/revisions"}],"predecessor-version":[{"id":4633,"href":"https:\/\/www.sitercl.com\/News\/index.php?rest_route=\/wp\/v2\/posts\/4608\/revisions\/4633"}],"wp:attachment":[{"href":"https:\/\/www.sitercl.com\/News\/index.php?rest_route=%2Fwp%2Fv2%2Fmedia&parent=4608"}],"wp:term":[{"taxonomy":"category","embeddable":true,"href":"https:\/\/www.sitercl.com\/News\/index.php?rest_route=%2Fwp%2Fv2%2Fcategories&post=4608"},{"taxonomy":"post_tag","embeddable":true,"href":"https:\/\/www.sitercl.com\/News\/index.php?rest_route=%2Fwp%2Fv2%2Ftags&post=4608"}],"curies":[{"name":"wp","href":"https:\/\/api.w.org\/{rel}","templated":true}]}}