{"id":4613,"date":"2021-02-09T18:55:43","date_gmt":"2021-02-09T17:55:43","guid":{"rendered":"https:\/\/www.sitercl.com\/News\/?p=4613"},"modified":"2021-02-09T18:55:43","modified_gmt":"2021-02-09T17:55:43","slug":"les-groupes-pour-nantes-lens-cdf","status":"publish","type":"post","link":"https:\/\/www.sitercl.com\/News\/?p=4613","title":{"rendered":"Les groupes pour Nantes &#8211; Lens [CdF]"},"content":{"rendered":"\n<div class=\"wp-block-image\"><figure class=\"alignright size-large\"><img loading=\"lazy\" decoding=\"async\" width=\"137\" height=\"150\" src=\"https:\/\/www.sitercl.com\/News\/wp-content\/uploads\/2018\/12\/grpjoueu.jpg\" alt=\"\" class=\"wp-image-248\"\/><\/figure><\/div>\n\n\n\n<p>Retrouvez les groupes convoqu\u00e9s pour la rencontre qui opposera mercredi (coup d&rsquo;envoi \u00e0 14h45) le FC Nantes au RC Lens pour le compte des 32es de finale de la Coupe de France\u2026<\/p>\n\n\n\n<p><strong>Pour le FC Nantes<\/strong> :<br><em>A venir&#8230;<\/em><\/p>\n\n\n\n<p>L&rsquo;entra\u00eeneur nantais, Raymond Domenech, pourrait \u00eatre positif au Covid-19. On attend encore le r\u00e9sultat de son test.<\/p>\n\n\n\n<p>Les forfaits sont : Renaud Emond (entorse \u00e0 la cheville), Kalifa Coulibaly, Fabio, Jean-K\u00e9vin Augustin.<\/p>\n\n\n\n<p><strong>Pour le RC Lens<\/strong> :<br>Leca, Farinez \u2013 Sylla, Bad\u00e9, Clauss, Michelin, Medina, Fortes, Boura, Gradit \u2013 Fofana, Kakuta, Cahuzac, Mauricio, Doucour\u00e9, Pereira Da Costa \u2013 Sow, Kalimuendo, Jean, Sotoca.<\/p>\n\n\n\n<p>Ignatius Ganago est toujours forfait. Massadio Ha\u00efdara et Simon Banza sont eux suspendus. On notera la pr\u00e9sence dans le groupe du jeune joueur offensif Ansou Sow (20 ans).<br>A noter que pour la rencontre, Franck Ha\u00efse devrait titulariser Farinez dans les buts et Corentin Jean pourrait avoir un peu plus de temps de jeu que lors des derni\u00e8res rencontres.<\/p>\n","protected":false},"excerpt":{"rendered":"<p>Retrouvez les groupes convoqu\u00e9s pour la rencontre qui opposera mercredi (coup d&rsquo;envoi \u00e0 14h45) le FC Nantes au RC Lens pour le compte des 32es de finale de la Coupe de France\u2026 Pour le FC Nantes :A venir&#8230; L&rsquo;entra\u00eeneur nantais, Raymond Domenech, pourrait \u00eatre positif au Covid-19. On attend encore le r\u00e9sultat de son test. &hellip; <a href=\"https:\/\/www.sitercl.com\/News\/?p=4613\" class=\"more-link\">Continuer la lecture<span class=\"screen-reader-text\"> de &laquo;&nbsp;Les groupes pour Nantes &#8211; Lens [CdF]&nbsp;&raquo;<\/span><\/a><\/p>\n","protected":false},"author":2,"featured_media":0,"comment_status":"closed","ping_status":"open","sticky":false,"template":"","format":"standard","meta":{"footnotes":""},"categories":[2],"tags":[25,11,109],"class_list":["post-4613","post","type-post","status-publish","format-standard","hentry","category-infos","tag-coupe-de-france","tag-groupes","tag-nantes"],"_links":{"self":[{"href":"https:\/\/www.sitercl.com\/News\/index.php?rest_route=\/wp\/v2\/posts\/4613","targetHints":{"allow":["GET"]}}],"collection":[{"href":"https:\/\/www.sitercl.com\/News\/index.php?rest_route=\/wp\/v2\/posts"}],"about":[{"href":"https:\/\/www.sitercl.com\/News\/index.php?rest_route=\/wp\/v2\/types\/post"}],"author":[{"embeddable":true,"href":"https:\/\/www.sitercl.com\/News\/index.php?rest_route=\/wp\/v2\/users\/2"}],"replies":[{"embeddable":true,"href":"https:\/\/www.sitercl.com\/News\/index.php?rest_route=%2Fwp%2Fv2%2Fcomments&post=4613"}],"version-history":[{"count":1,"href":"https:\/\/www.sitercl.com\/News\/index.php?rest_route=\/wp\/v2\/posts\/4613\/revisions"}],"predecessor-version":[{"id":4614,"href":"https:\/\/www.sitercl.com\/News\/index.php?rest_route=\/wp\/v2\/posts\/4613\/revisions\/4614"}],"wp:attachment":[{"href":"https:\/\/www.sitercl.com\/News\/index.php?rest_route=%2Fwp%2Fv2%2Fmedia&parent=4613"}],"wp:term":[{"taxonomy":"category","embeddable":true,"href":"https:\/\/www.sitercl.com\/News\/index.php?rest_route=%2Fwp%2Fv2%2Fcategories&post=4613"},{"taxonomy":"post_tag","embeddable":true,"href":"https:\/\/www.sitercl.com\/News\/index.php?rest_route=%2Fwp%2Fv2%2Ftags&post=4613"}],"curies":[{"name":"wp","href":"https:\/\/api.w.org\/{rel}","templated":true}]}}