{"id":4637,"date":"2021-02-13T08:53:20","date_gmt":"2021-02-13T07:53:20","guid":{"rendered":"https:\/\/www.sitercl.com\/News\/?p=4637"},"modified":"2021-02-13T08:57:56","modified_gmt":"2021-02-13T07:57:56","slug":"les-groupes-pour-reims-lens-2","status":"publish","type":"post","link":"https:\/\/www.sitercl.com\/News\/?p=4637","title":{"rendered":"Les groupes pour Reims &#8211; Lens"},"content":{"rendered":"\n<div class=\"wp-block-image\"><figure class=\"alignright size-large\"><img loading=\"lazy\" decoding=\"async\" width=\"137\" height=\"150\" src=\"https:\/\/www.sitercl.com\/News\/wp-content\/uploads\/2018\/12\/grpjoueu.jpg\" alt=\"\" class=\"wp-image-248\"\/><\/figure><\/div>\n\n\n\n<p>Retrouvez les groupes convoqu\u00e9s pour la rencontre de la 25e journ\u00e9e de Ligue 1 Uber Eats opposant le Stade de Reims au RC Lens ce samedi \u00e0 partir de 19h00 (Canal+ Sport).<\/p>\n\n\n\n<p><strong>Pour Reims<\/strong> :<br>Rajkovic, Diouf \u2013 De Smet, Foket, Faes, Maresic, Konan \u2013 Berisha, Cassama, Chavalerin, Doumbia, Drammeh, Kutesa, Munetsi, Zeneli \u2013 Cafaro, Dia, Mbuku, Sierhuis, Tour\u00e9.<br><br>David Guion, l&rsquo;entra\u00eeneur du SDR, a indiqu\u00e9 que son capitaine, Yunis Abdelhamid, sera forfait (l\u00e9sion musculaire \u00e0 l\u2019ischio).<\/p>\n\n\n\n<p><strong>Pour Lens<\/strong> :<br>Leca, Farinez \u2013 Sylla, Bad\u00e9, Clauss, Michelin, Medina, Fortes, Boura, Ha\u00efdara, Gradit \u2013 Fofana, Kakuta, Cahuzac, Mauricio, Doucour\u00e9, Pereira Da Costa \u2013 Banza, Kalimuendo, Jean, Sotoca.<\/p>\n\n\n\n<p>Ignatius Ganago est toujours forfait. Par contre, on notera les retours de Massadio Ha\u00efdara et Simon Banza, suspendus face \u00e0 Nantes en coupe de France et la pr\u00e9sence dans le groupe de Lo\u00efc Bad\u00e9, incertain.<\/p>\n\n\n\n<p><strong>Les arbitres<\/strong> :<br>C&rsquo;est M. Eric Wattellier (33 ans) qui a \u00e9t\u00e9 d\u00e9sign\u00e9 pour arbitrer cette rencontre. Ses assistants seront\u00a0Matthieu LOMBARD et Aur\u00e9lien BERTHOMIEU. Le 4e arbitre sera\u00a0Ludovic GENEST. Et en tant qu&rsquo;arbitres assistants vid\u00e9o\u00a0:\u00a0Alexandre CASTRO, Bruno COUE.<\/p>\n\n\n\n<p>\u00c9ric WATTELLIER a arbitr\u00e9 les Lensois cette saison \u00e0 Lyon (<a href=\"https:\/\/www.sitercl.com\/Matches\/2020-21\/Champion\/Ext\/lyono.htm\">3-2<\/a>, 3 cartons jaune dont 2 contre le RCL). En 11 apparitions en L1 cette saison, il n&rsquo;a pas encore sorti de carton rouge pour 30 cartons jaune.<\/p>\n\n\n\n<p><br><\/p>\n","protected":false},"excerpt":{"rendered":"<p>Retrouvez les groupes convoqu\u00e9s pour la rencontre de la 25e journ\u00e9e de Ligue 1 Uber Eats opposant le Stade de Reims au RC Lens ce samedi \u00e0 partir de 19h00 (Canal+ Sport). Pour Reims :Rajkovic, Diouf \u2013 De Smet, Foket, Faes, Maresic, Konan \u2013 Berisha, Cassama, Chavalerin, Doumbia, Drammeh, Kutesa, Munetsi, Zeneli \u2013 Cafaro, Dia, &hellip; <a href=\"https:\/\/www.sitercl.com\/News\/?p=4637\" class=\"more-link\">Continuer la lecture<span class=\"screen-reader-text\"> de &laquo;&nbsp;Les groupes pour Reims &#8211; Lens&nbsp;&raquo;<\/span><\/a><\/p>\n","protected":false},"author":2,"featured_media":0,"comment_status":"closed","ping_status":"open","sticky":false,"template":"","format":"standard","meta":{"footnotes":""},"categories":[2],"tags":[11,151,59],"class_list":["post-4637","post","type-post","status-publish","format-standard","hentry","category-infos","tag-groupes","tag-ligue-1","tag-reims"],"_links":{"self":[{"href":"https:\/\/www.sitercl.com\/News\/index.php?rest_route=\/wp\/v2\/posts\/4637","targetHints":{"allow":["GET"]}}],"collection":[{"href":"https:\/\/www.sitercl.com\/News\/index.php?rest_route=\/wp\/v2\/posts"}],"about":[{"href":"https:\/\/www.sitercl.com\/News\/index.php?rest_route=\/wp\/v2\/types\/post"}],"author":[{"embeddable":true,"href":"https:\/\/www.sitercl.com\/News\/index.php?rest_route=\/wp\/v2\/users\/2"}],"replies":[{"embeddable":true,"href":"https:\/\/www.sitercl.com\/News\/index.php?rest_route=%2Fwp%2Fv2%2Fcomments&post=4637"}],"version-history":[{"count":3,"href":"https:\/\/www.sitercl.com\/News\/index.php?rest_route=\/wp\/v2\/posts\/4637\/revisions"}],"predecessor-version":[{"id":4640,"href":"https:\/\/www.sitercl.com\/News\/index.php?rest_route=\/wp\/v2\/posts\/4637\/revisions\/4640"}],"wp:attachment":[{"href":"https:\/\/www.sitercl.com\/News\/index.php?rest_route=%2Fwp%2Fv2%2Fmedia&parent=4637"}],"wp:term":[{"taxonomy":"category","embeddable":true,"href":"https:\/\/www.sitercl.com\/News\/index.php?rest_route=%2Fwp%2Fv2%2Fcategories&post=4637"},{"taxonomy":"post_tag","embeddable":true,"href":"https:\/\/www.sitercl.com\/News\/index.php?rest_route=%2Fwp%2Fv2%2Ftags&post=4637"}],"curies":[{"name":"wp","href":"https:\/\/api.w.org\/{rel}","templated":true}]}}