{"id":4646,"date":"2021-02-13T09:48:59","date_gmt":"2021-02-13T08:48:59","guid":{"rendered":"https:\/\/www.sitercl.com\/News\/?p=4646"},"modified":"2021-02-14T12:18:00","modified_gmt":"2021-02-14T11:18:00","slug":"revue-de-presse-reims-lens","status":"publish","type":"post","link":"https:\/\/www.sitercl.com\/News\/?p=4646","title":{"rendered":"Revue de presse Reims &#8211; Lens"},"content":{"rendered":"\n<div class=\"wp-block-image\"><figure class=\"alignright size-large\"><img loading=\"lazy\" decoding=\"async\" width=\"150\" height=\"106\" src=\"https:\/\/www.sitercl.com\/News\/wp-content\/uploads\/2019\/01\/clavball.png\" alt=\"\" class=\"wp-image-587\"\/><\/figure><\/div>\n\n\n\n<p>Retrouvez une s\u00e9lection d&rsquo;articles du Web sur la rencontre de la 25e  journ\u00e9e de Ligue 1 Uber Eats entre Reims et Lens (1-1)\u2026<\/p>\n\n\n\n<p><b>www.lequipe.fr<\/b> :<br>-13\/02\/2021 <a href=\"https:\/\/www.lequipe.fr\/Football\/Actualites\/Lens-doit-se-contenter-d-un-nul-a-reims\/1223028\" target=\"_blank\" rel=\"noopener\">Ligue 1: Lens doit se contenter d&rsquo;un nul \u00e0 Reims<\/a><br><br><b>www.butfootballclub.fr<\/b> :<br>-13\/02\/2021 <a href=\"https:\/\/www.butfootballclub.fr\/rc-lens\/actualite\/stade-de-reims-rc-lens-1-1-sotoca-kakuta-banza-les-tops-et-les-flops-des-sang-et-or-457000\" target=\"_blank\" rel=\"noopener\">Stade de Reims \u2013 RC Lens (1-1) : Sotoca, Kakuta, Banza&#8230; Les Tops et les Flops des Sang et Or<\/a><br><br><b>www.lunion.fr<\/b> :<br>-13\/02\/2021 <a href=\"https:\/\/www.lunion.fr\/id232532\/article\/2021-02-13\/direct-foot-stade-de-reims-lens-suivez-notre-direct-commente-partir-de-19h\" target=\"_blank\" rel=\"noopener\">Le Stade de Reims s\u2019en sort bien face au RC Lens<\/a><br><br><b>www.lavoixdunord.fr<\/b> :<br>-13\/02\/2021 <a href=\"https:\/\/www.lavoixdunord.fr\/936522\/article\/2021-02-13\/football-reims-le-rc-lens-tout-tente-mais-repart-frustre\" target=\"_blank\" rel=\"noopener\">Football: \u00e0 Reims, le RC Lens a tout tent\u00e9 mais repart frustr\u00e9<\/a><br>-13\/02\/2021 <a href=\"https:\/\/www.lavoixdunord.fr\/936528\/article\/2021-02-13\/reims-rc-lens-les-reactions-d-apres-match\" target=\"_blank\" rel=\"noopener\">Reims \u2013 RC Lens: les r\u00e9actions d\u2019apr\u00e8s-match<\/a><br><br><b>www.ligue1.fr<\/b> :<br>-13\/02\/2021 <a href=\"https:\/\/www.ligue1.fr\/Articles\/ACTU\/2021\/02\/13\/lens-prend-un-point-a-reims\" target=\"_blank\" rel=\"noopener\">Lens prend un point \u00e0 Reims<\/a><br><br><b>www.francebleu.fr<\/b> :<br>-13\/02\/2021 <a href=\"https:\/\/www.francebleu.fr\/sports\/football\/direct-l1-le-racing-club-de-lens-a-1613221253\" target=\"_blank\" rel=\"noopener\">Le Racing Club de Lens perd deux points chez les R\u00e9mois<\/a><br><br><b>www.lavenirdelartois.fr<\/b> :<br>-13\/02\/2021 <a href=\"https:\/\/www.lavenirdelartois.fr\/107706\/article\/2021-02-13\/reims-lens-un-match-nul-rageant-et-frustrant\" target=\"_blank\" rel=\"noopener\">Reims \u2013 Lens: un match nul rageant et frustrant (match et r\u00e9actions)<\/a><br><br><b>france3-regions.francetvinfo.fr<\/b> :<br>-14\/02\/2021 <a href=\"https:\/\/france3-regions.francetvinfo.fr\/hauts-de-france\/ligue-1-lens-impressionne-mais-ne-l-emporte-pas-face-a-reims-1-1-1955758.html\" target=\"_blank\" rel=\"noopener\">Lens impressionne mais ne l&#8217;emporte pas face \u00e0 Reims (1-1)<\/a><\/p>\n\n\n\n<div class=\"wp-block-image\"><figure class=\"aligncenter size-large\"><img decoding=\"async\" src=\"https:\/\/www.sitercl.com\/Navigat\/NAVIsep3.gif\" alt=\"\"\/><\/figure><\/div>\n\n\n\n<p><b>www.lequipe.fr<\/b> :<br>-12\/02\/2021 <a href=\"https:\/\/www.lequipe.fr\/Football\/Actualites\/Massadio-haidara-et-simon-banza-de-retour-dans-le-groupe-de-lens-pour-affronter-reims\/1222563\" target=\"_blank\" rel=\"noopener\">Massadio Ha\u00efdara et Simon Banza de retour dans le groupe de Lens pour affronter Reims<\/a><br>-12\/02\/2021 <a href=\"https:\/\/www.lequipe.fr\/Football\/Actualites\/Yunis-abdelhamid-forfait-avec-reims-contre-lens-wout-faes-de-retour\/1222607\" target=\"_blank\" rel=\"noopener\">Yunis Abdelhamid forfait avec Reims contre Lens, Wout Faes de retour<\/a><br><br><b>actu.fr<\/b> :<br>-13\/02\/2021 <a href=\"https:\/\/actu.fr\/hauts-de-france\/lens_62498\/ligue-1-pour-seko-fofana-le-rc-lens-doit-viser-le-plus-haut-possible-au-classement_39454381.html\" target=\"_blank\" rel=\"noopener\">Pour Seko Fofana, le RC Lens doit \u00ab\u00a0viser le plus haut possible\u00a0\u00bb au classement<\/a><br><br><b>www.lavoixdunord.fr<\/b> :<br>-12\/02\/2021 <a href=\"https:\/\/www.lavoixdunord.fr\/935737\/article\/2021-02-12\/reims-rc-lens-le-groupe-lensois-les-enjeux-les-retrouvailles\" target=\"_blank\" rel=\"noopener\">Reims \u2013 RC Lens: le groupe lensois, les enjeux, les retrouvailles<\/a><br>-12\/02\/2021 <a href=\"https:\/\/www.lavoixdunord.fr\/935400\/article\/2021-02-12\/football-je-suis-venu-au-rc-lens-pour-qu-realise-un-reve-avoue-seko-fofana\" target=\"_blank\" rel=\"noopener\">\u00abJe suis venu au RC Lens pour qu\u2019on r\u00e9alise un r\u00eave\u00bb, avoue Seko Fofana<\/a><br>-12\/02\/2021 <a href=\"https:\/\/www.lavoixdunord.fr\/935259\/article\/2021-02-12\/football-ignatius-ganago-l-attaquant-du-rc-lens-devra-encore-attendre\" target=\"_blank\" rel=\"noopener\">Ignatius Ganago, l\u2019attaquant du RC Lens, devra encore attendre<\/a><br>-11\/02\/2021 <a href=\"https:\/\/www.lavoixdunord.fr\/934424\/article\/2021-02-11\/rc-lens-petite-alerte-pour-loic-bade\" target=\"_blank\" rel=\"noopener\">RC Lens : petite alerte pour Lo\u00efc Bad\u00e9<\/a><br><br><b>www.lunion.fr<\/b> :<br>-11\/02\/2021 <a href=\"https:\/\/www.lunion.fr\/id231655\/article\/2021-02-11\/football-ligue-1-abdelhamid-blesse-le-stade-de-reims-prive-de-son-capitaine\" target=\"_blank\" rel=\"noopener\">[VIDEO] Football \u2013 Ligue 1. Abdelhamid bless\u00e9, le Stade de Reims priv\u00e9 de son capitaine contre Lens<\/a><br><br><b>www.butfootballclub.fr<\/b> :<br>-13\/02\/2021 <a href=\"https:\/\/www.butfootballclub.fr\/rc-lens\/actualite\/rclens-haise-456750\" target=\"_blank\" rel=\"noopener\">Haise craint un gros coup dur \u00e0 Reims, un h\u00e9ros de Nantes lui a tap\u00e9 dans l\u2019oeil<\/a><\/p>\n","protected":false},"excerpt":{"rendered":"<p>Retrouvez une s\u00e9lection d&rsquo;articles du Web sur la rencontre de la 25e journ\u00e9e de Ligue 1 Uber Eats entre Reims et Lens (1-1)\u2026 www.lequipe.fr :-13\/02\/2021 Ligue 1: Lens doit se contenter d&rsquo;un nul \u00e0 Reims www.butfootballclub.fr :-13\/02\/2021 Stade de Reims \u2013 RC Lens (1-1) : Sotoca, Kakuta, Banza&#8230; Les Tops et les Flops des Sang &hellip; <a href=\"https:\/\/www.sitercl.com\/News\/?p=4646\" class=\"more-link\">Continuer la lecture<span class=\"screen-reader-text\"> de &laquo;&nbsp;Revue de presse Reims &#8211; Lens&nbsp;&raquo;<\/span><\/a><\/p>\n","protected":false},"author":2,"featured_media":0,"comment_status":"closed","ping_status":"open","sticky":false,"template":"","format":"standard","meta":{"footnotes":""},"categories":[6],"tags":[13,151,59],"class_list":["post-4646","post","type-post","status-publish","format-standard","hentry","category-revue-du-web","tag-internet","tag-ligue-1","tag-reims"],"_links":{"self":[{"href":"https:\/\/www.sitercl.com\/News\/index.php?rest_route=\/wp\/v2\/posts\/4646","targetHints":{"allow":["GET"]}}],"collection":[{"href":"https:\/\/www.sitercl.com\/News\/index.php?rest_route=\/wp\/v2\/posts"}],"about":[{"href":"https:\/\/www.sitercl.com\/News\/index.php?rest_route=\/wp\/v2\/types\/post"}],"author":[{"embeddable":true,"href":"https:\/\/www.sitercl.com\/News\/index.php?rest_route=\/wp\/v2\/users\/2"}],"replies":[{"embeddable":true,"href":"https:\/\/www.sitercl.com\/News\/index.php?rest_route=%2Fwp%2Fv2%2Fcomments&post=4646"}],"version-history":[{"count":7,"href":"https:\/\/www.sitercl.com\/News\/index.php?rest_route=\/wp\/v2\/posts\/4646\/revisions"}],"predecessor-version":[{"id":4660,"href":"https:\/\/www.sitercl.com\/News\/index.php?rest_route=\/wp\/v2\/posts\/4646\/revisions\/4660"}],"wp:attachment":[{"href":"https:\/\/www.sitercl.com\/News\/index.php?rest_route=%2Fwp%2Fv2%2Fmedia&parent=4646"}],"wp:term":[{"taxonomy":"category","embeddable":true,"href":"https:\/\/www.sitercl.com\/News\/index.php?rest_route=%2Fwp%2Fv2%2Fcategories&post=4646"},{"taxonomy":"post_tag","embeddable":true,"href":"https:\/\/www.sitercl.com\/News\/index.php?rest_route=%2Fwp%2Fv2%2Ftags&post=4646"}],"curies":[{"name":"wp","href":"https:\/\/api.w.org\/{rel}","templated":true}]}}