{"id":4883,"date":"2021-03-20T17:11:04","date_gmt":"2021-03-20T16:11:04","guid":{"rendered":"https:\/\/www.sitercl.com\/News\/?p=4883"},"modified":"2021-03-22T19:58:27","modified_gmt":"2021-03-22T18:58:27","slug":"revue-du-web-strasbourg-lens","status":"publish","type":"post","link":"https:\/\/www.sitercl.com\/News\/?p=4883","title":{"rendered":"Revue du Web : Strasbourg &#8211; Lens"},"content":{"rendered":"\n<div class=\"wp-block-image\"><figure class=\"alignright size-large\"><img loading=\"lazy\" decoding=\"async\" width=\"150\" height=\"106\" src=\"https:\/\/www.sitercl.com\/News\/wp-content\/uploads\/2019\/01\/clavball.png\" alt=\"\" class=\"wp-image-587\"\/><\/figure><\/div>\n\n\n\n<p>Voici une s\u00e9lection d&rsquo;articles du Web sur la rencontre de la 30e journ\u00e9e de Ligue 1 Uber Eats entre Strasbourg et Lens\u2026<\/p>\n\n\n\n<p><b>www.lequipe.fr<\/b> :<br>-21\/03\/2021 <a href=\"https:\/\/www.lequipe.fr\/Football\/Actualites\/Ligue-1-lens-poursuit-sa-belle-serie-en-s-imposant-a-strasbourg\/1234736\" target=\"_blank\" rel=\"noopener\">Lens poursuit sa belle s\u00e9rie en s&rsquo;imposant \u00e0 Strasbourg<\/a><br>-21\/03\/2021 <a href=\"https:\/\/www.lequipe.fr\/Football\/Actualites\/Thierry-laurey-strasbourg-apres-la-defaite-contre-lens-on-ne-s-est-pas-tourne-les-pouces\/1234761\" target=\"_blank\" rel=\"noopener\">Thierry Laurey (Strasbourg) apr\u00e8s la d\u00e9faite contre Lens : \u00ab On ne s&rsquo;est pas tourn\u00e9 les pouces \u00bb<\/a><br><br><b>www.butfootballclub.fr<\/b> :<br>-21\/03\/2021 <a href=\"https:\/\/www.butfootballclub.fr\/rc-lens\/actualite\/rc-lens--les-tops-et-les-flops-a-strasbourg-462318\" target=\"_blank\" rel=\"noopener\">RC Strasbourg &#8211; RC Lens (1-2) : les 3 TOPS et les 3 FLOPS du succ\u00e8s des Sang et Or<\/a><br>-22\/03\/2021 <a href=\"https:\/\/www.butfootballclub.fr\/rc-lens\/actualite\/rc-lens-jonathan-clauss-console-le-rc-strasbourg-463249\" target=\"_blank\" rel=\"noopener\">RC Lens : Jonathan Clauss console le RC Strasbourg<\/a><br><br><b>www.maxifoot.fr<\/b> :<br>-21\/03\/2021 <a href=\"http:\/\/www.maxifoot.fr\/football\/article-46712.htm\" target=\"_blank\" rel=\"noopener\">Lens s&rsquo;affirme pour l&rsquo;Europe ! &#8211; D\u00e9brief et NOTES des joueurs (RCSA 1-2 RCL)<\/a><br><br><b>actu.fr<\/b> :<br>-21\/03\/2021 <a href=\"https:\/\/actu.fr\/hauts-de-france\/lens_62498\/ligue-1-porte-par-un-excellent-fofana-le-rc-lens-enfonce-strasbourg_40410392.html\" target=\"_blank\" rel=\"noopener\">Port\u00e9 par un excellent Fofana, le RC Lens enfonce Strasbourg<\/a><br><br><b>www.dna.fr<\/b> :<br>-21\/03\/2021 <a href=\"https:\/\/www.dna.fr\/sport\/2021\/03\/21\/le-racing-plie-face-a-l-allant-lensois-(1-2)\" target=\"_blank\" rel=\"noopener\">Le Racing plie face \u00e0 l&rsquo;allant lensois (1-2)<\/a><br><br><b>france3-regions.francetvinfo.fr<\/b> :<br>-21\/03\/2021 <a href=\"https:\/\/france3-regions.francetvinfo.fr\/hauts-de-france\/pas-calais\/lens\/football-le-rc-lens-encore-et-toujours-cinquieme-de-ligue-1-apres-une-victoire-contre-strasbourg-2-1-2009218.html\" target=\"_blank\" rel=\"noopener\">Football : le RC Lens encore et toujours cinqui\u00e8me de Ligue 1 apr\u00e8s une victoire contre Strasbourg (2-1)<\/a><br><br><b>www.lavoixdunord.fr<\/b> :<br>-21\/03\/2021 <a href=\"https:\/\/www.lavoixdunord.fr\/964660\/article\/2021-03-21\/ligue-1-le-rc-lens-s-impose-en-costaud-et-consolide-sa-cinquieme-place\" target=\"_blank\" rel=\"noopener\">Ligue 1 : Lens, un candidat toujours plus cr\u00e9dible \u00e0 l\u2019Europe<\/a><br>-21\/03\/2021 <a href=\"https:\/\/www.lavoixdunord.fr\/964196\/article\/2021-03-21\/ligue-1-strasbourg-lens-des-ambitions-nourrir-suivez-notre-direct\" target=\"_blank\" rel=\"noopener\">Ligue 1 : vainqueur \u00e0 Strasbourg, Lens r\u00e9alise la belle affaire, revivez notre direct<\/a><br>-21\/03\/2021 <a href=\"https:\/\/www.lavoixdunord.fr\/964682\/article\/2021-03-21\/ligue-1-fhaise-apres-la-victoire-du-rc-lens-strasbourg-une-belle-derniere-ligne\" target=\"_blank\" rel=\"noopener\">Franck Haise apr\u00e8s la victoire du RC Lens \u00e0 Strasbourg : \u00ab Une belle derni\u00e8re ligne droite \u00e0 jouer \u00bb<\/a><br><br><b>www.ligue1.fr<\/b> :<br>-21\/03\/2021 <a href=\"https:\/\/www.ligue1.fr\/Articles\/ACTU\/2021\/03\/21\/strasbourg-lens\" target=\"_blank\" rel=\"noopener\">Le RC Lens en ma\u00eetrise \u00e0 Strasbourg<\/a><\/p>\n\n\n\n<div class=\"wp-block-image\"><figure class=\"aligncenter size-large\"><img decoding=\"async\" src=\"https:\/\/www.sitercl.com\/Navigat\/NAVIsep3.gif\" alt=\"\"\/><\/figure><\/div>\n\n\n\n<p><strong><em>Avant match&#8230;<\/em><\/strong><\/p>\n\n\n\n<p><b>www.francebleu.fr<\/b> :<br>-21\/03\/2021 <a rel=\"noopener\" href=\"https:\/\/www.francebleu.fr\/sports\/football\/ligue-1-j30-franck-haise-veut-mettre-fin-aux-cadeaux-defensifs-1616169822\" target=\"_blank\">Ligue 1 (J30) : Franck Haise veut mettre fin aux cadeaux d\u00e9fensifs<\/a><br><br><b>www.butfootballclub.fr<\/b> :<br>-19\/03\/2021 <a rel=\"noopener\" href=\"https:\/\/www.butfootballclub.fr\/rc-lens\/actualite\/rc-lens-son-groupe-strasbourg-les-cles-de-la-victoire-haise-avait-des-choses-a-dire-462691\" target=\"_blank\">RC Lens : son groupe, Strasbourg, les cl\u00e9s de la victoire&#8230; Haise avait des choses \u00e0 dire<\/a><br><br><b>www.lequipe.fr<\/b> :<br>-20\/03\/2021 <a rel=\"noopener\" href=\"https:\/\/www.lequipe.fr\/Football\/Actualites\/Lens-sans-kalimuendo-a-strasbourg-en-ligue-1\/1234564\" target=\"_blank\">Lens sans Kalimuendo \u00e0 Strasbourg en Ligue 1<\/a><br>-20\/03\/2021 <a rel=\"noopener\" href=\"https:\/\/www.lequipe.fr\/Football\/Actualites\/Strasbourg-recupere-dimitri-lienard-pour-affronter-lens\/1234546\" target=\"_blank\">Strasbourg r\u00e9cup\u00e8re Dimitri Li\u00e9nard pour affronter Lens<\/a><br><br><b>www.lavoixdunord.fr<\/b> :<br>-21\/03\/2021 <a rel=\"noopener\" href=\"https:\/\/www.lavoixdunord.fr\/964135\/article\/2021-03-21\/strasbourg-lens-tout-pour-la-confiance-mais-pas-trop-quand-meme\" target=\"_blank\">Strasbourg &#8211; Lens : tout pour la confiance mais pas trop quand m\u00eame<\/a><br>-20\/03\/2021 <a rel=\"noopener\" href=\"https:\/\/www.lavoixdunord.fr\/964063\/article\/2021-03-20\/strasbourg-lens-kalimuendo-absent-ganago-de-retour\" target=\"_blank\">Strasbourg &#8211; Lens: Kalimuendo absent, Ganago de retour<\/a><br>-20\/03\/2021 <a rel=\"noopener\" href=\"https:\/\/www.lavoixdunord.fr\/963909\/article\/2021-03-20\/seko-fofana-avant-rc-strasbourg-rc-lens-j-ai-toujours-la-sensation-que-je-peux\" target=\"_blank\">Seko Fofana avant Strasbourg &#8211; Lens : \u00abJ\u2019ai toujours la sensation que je peux faire mieux\u00bb<\/a><br>-19\/03\/2021 <a rel=\"noopener\" href=\"https:\/\/www.lavoixdunord.fr\/963432\/article\/2021-03-19\/football-c-est-un-dilemme-pour-les-joueurs-estime-le-coach-lensois-franck-haise\" target=\"_blank\">Football : \u00ab Un dilemme pour les joueurs \u00bb, estime Franck Haise \u00e0 propos des internationaux retenus pendant la tr\u00eave<\/a><br><br><b>www.dna.fr<\/b> :<br>-20\/03\/2021 <a rel=\"noopener\" href=\"https:\/\/www.dna.fr\/sport\/2021\/03\/20\/laurey-(racing)-on-doit-batailler-contre-lens\" target=\"_blank\">Laurey (Racing) : \u00ab\u00a0On doit batailler contre Lens\u00a0\u00bb<\/a><br>-20\/03\/2021 <a rel=\"noopener\" href=\"https:\/\/www.dna.fr\/sport\/2021\/03\/20\/racing-le-retour-de-lienard\" target=\"_blank\">Racing : le retour de Li\u00e9nard<\/a><br>-19\/03\/2021 <a rel=\"noopener\" href=\"https:\/\/www.dna.fr\/sport\/2021\/03\/19\/video-laurey-(racing)-les-lensois-je-me-regale-a-voir-leurs-matches\" target=\"_blank\">[VIDEO] Laurey (Racing) : \u00ab\u00a0Les Lensois, je me r\u00e9gale \u00e0 voir leurs matches !\u00a0\u00bb<\/a><br><br><b>www.alsasports.fr<\/b> :<br>-18\/03\/2021 <a rel=\"noopener\" href=\"https:\/\/www.alsasports.fr\/football\/rc-strasbourg\/une-victoire-brumeuse\/28394\/\" target=\"_blank\">Une victoire brumeuse<\/a><br><br><b>actu.fr<\/b> :<br>-20\/03\/2021 <a rel=\"noopener\" href=\"https:\/\/actu.fr\/hauts-de-france\/lens_62498\/rc-lens-sylvano-le-speaker-passe-du-perchoir-au-micro_40403172.html\" target=\"_blank\">RC Lens : Sylvano, le speaker pass\u00e9 du perchoir au micro<\/a><br><br><b>france3-regions.francetvinfo.fr<\/b> :<br>-15\/03\/2021 <a href=\"https:\/\/france3-regions.francetvinfo.fr\/hauts-de-france\/pas-calais\/lens\/portrait-roger-rudynski-ex-speaker-du-rc-lens-toujours-aussi-passionne-1999885.html\" target=\"_blank\" rel=\"noopener\">PORTRAIT. Roger Rudynski, ex-speaker du RC Lens, toujours aussi passionn\u00e9<\/a><\/p>\n","protected":false},"excerpt":{"rendered":"<p>Voici une s\u00e9lection d&rsquo;articles du Web sur la rencontre de la 30e journ\u00e9e de Ligue 1 Uber Eats entre Strasbourg et Lens\u2026 www.lequipe.fr :-21\/03\/2021 Lens poursuit sa belle s\u00e9rie en s&rsquo;imposant \u00e0 Strasbourg-21\/03\/2021 Thierry Laurey (Strasbourg) apr\u00e8s la d\u00e9faite contre Lens : \u00ab On ne s&rsquo;est pas tourn\u00e9 les pouces \u00bb www.butfootballclub.fr :-21\/03\/2021 RC Strasbourg &hellip; <a href=\"https:\/\/www.sitercl.com\/News\/?p=4883\" class=\"more-link\">Continuer la lecture<span class=\"screen-reader-text\"> de &laquo;&nbsp;Revue du Web : Strasbourg &#8211; Lens&nbsp;&raquo;<\/span><\/a><\/p>\n","protected":false},"author":2,"featured_media":0,"comment_status":"closed","ping_status":"open","sticky":false,"template":"","format":"standard","meta":{"footnotes":""},"categories":[6],"tags":[13,151,188],"class_list":["post-4883","post","type-post","status-publish","format-standard","hentry","category-revue-du-web","tag-internet","tag-ligue-1","tag-strasbourg"],"_links":{"self":[{"href":"https:\/\/www.sitercl.com\/News\/index.php?rest_route=\/wp\/v2\/posts\/4883","targetHints":{"allow":["GET"]}}],"collection":[{"href":"https:\/\/www.sitercl.com\/News\/index.php?rest_route=\/wp\/v2\/posts"}],"about":[{"href":"https:\/\/www.sitercl.com\/News\/index.php?rest_route=\/wp\/v2\/types\/post"}],"author":[{"embeddable":true,"href":"https:\/\/www.sitercl.com\/News\/index.php?rest_route=\/wp\/v2\/users\/2"}],"replies":[{"embeddable":true,"href":"https:\/\/www.sitercl.com\/News\/index.php?rest_route=%2Fwp%2Fv2%2Fcomments&post=4883"}],"version-history":[{"count":11,"href":"https:\/\/www.sitercl.com\/News\/index.php?rest_route=\/wp\/v2\/posts\/4883\/revisions"}],"predecessor-version":[{"id":4908,"href":"https:\/\/www.sitercl.com\/News\/index.php?rest_route=\/wp\/v2\/posts\/4883\/revisions\/4908"}],"wp:attachment":[{"href":"https:\/\/www.sitercl.com\/News\/index.php?rest_route=%2Fwp%2Fv2%2Fmedia&parent=4883"}],"wp:term":[{"taxonomy":"category","embeddable":true,"href":"https:\/\/www.sitercl.com\/News\/index.php?rest_route=%2Fwp%2Fv2%2Fcategories&post=4883"},{"taxonomy":"post_tag","embeddable":true,"href":"https:\/\/www.sitercl.com\/News\/index.php?rest_route=%2Fwp%2Fv2%2Ftags&post=4883"}],"curies":[{"name":"wp","href":"https:\/\/api.w.org\/{rel}","templated":true}]}}