{"id":51,"date":"2018-11-07T18:52:26","date_gmt":"2018-11-07T17:52:26","guid":{"rendered":"http:\/\/www.sitercl.com\/News\/?p=51"},"modified":"2018-11-10T10:27:48","modified_gmt":"2018-11-10T09:27:48","slug":"revue-du-web-avant-va-lens","status":"publish","type":"post","link":"https:\/\/www.sitercl.com\/News\/?p=51","title":{"rendered":"Revue du web avant VA &#8211; Lens"},"content":{"rendered":"<p>&nbsp;<\/p>\n<p>Retrouvez une s\u00e9lection d&rsquo;articles du Web avant le derby de samedi qui opposera Valenciennes FC au RC Lens au stade du Hainaut (coup d&rsquo;envoi \u00e0 15h00) pour le compte de la 14e journ\u00e9e de Domino&rsquo;s Ligue 2.<\/p>\n<p><strong>LFP<\/strong><br \/>\n&#8211; <a href=\"https:\/\/www.lfp.fr\/ligue2\/article\/roudet-lens-vafc-un-match-sympa-a-jouer.htm\" target=\"_blank\" rel=\"noopener\">Roudet : \u00abLens-VAFC, un match sympa \u00e0 jouer\u00bb<\/a><\/p>\n<p><strong>ButFootballClub<\/strong><br \/>\n&#8211; <a href=\"https:\/\/www.butfootballclub.fr\/ligue-2\/lens\/rc-lens-etat-des-troupes-etat-desprit-vafc-philippe-montanier-fait-le-point-avant-le-derby\/\" target=\"_blank\" rel=\"noopener\">RC Lens : \u00e9tat des troupes, \u00e9tat d\u2019esprit, VAFC\u2026 Philippe Montanier fait le point avant le derby<\/a><\/p>\n<p><strong>Ma Ligue 2<\/strong> :<br \/>\n&#8211; <a href=\"https:\/\/maligue2.fr\/2018\/11\/06\/pourquoi-valenciennes-lens-nest-pas-le-veritable-derby-du-nord\/\" target=\"_blank\" rel=\"noopener\">Pourquoi Valenciennes &#8211; Lens n&rsquo;est pas le v\u00e9ritable derby du Nord<\/a>.<\/p>\n<p><strong>20 minutes<\/strong> :<br \/>\n&#8211; <a href=\"https:\/\/www.20minutes.fr\/sport\/2367943-20181108-ligue-2-derby-fout-avant-match-contre-lens-supporters-valenciennois-desabuses\" target=\"_blank\" rel=\"noopener\">\u00abLe derby? On s&rsquo;en fout\u00bb: Avant le match contre Lens, les supporters de Valenciennes sont d\u00e9sabus\u00e9s\u00a0\u00bb<\/a><\/p>\n<p><strong>L&rsquo;Observateur<\/strong> :<br \/>\n&#8211; <a href=\"https:\/\/www.lobservateur.fr\/sports\/sports-arrageois\/2018\/11\/02\/football-l2-le-derby-va-lens-est-deja-sur-toutes-les-levres\/\" target=\"_blank\" rel=\"noopener\">Le derby VA-Lens est d\u00e9j\u00e0 sur toutes les l\u00e8vres<\/a><\/p>\n<p><strong>La Voix Du Nord<\/strong> :<br \/>\n&#8211; <a href=\"http:\/\/www.lavoixdunord.fr\/483583\/article\/2018-11-07\/va-lens-un-derby-sur-des-charbons-ardents\" target=\"_blank\" rel=\"noopener\">Ligue 2 VAFC &#8211; RC Lens, un derby nordiste sur des charbons ardents<\/a><br \/>\n&#8211; <a href=\"http:\/\/www.lavoixdunord.fr\/482441\/article\/2018-11-05\/menace-sur-le-derby\" target=\"_blank\" rel=\"noopener\">Menace sur le derby VAFC-Lens, samedi \u00e0 Valenciennes<\/a><br \/>\n&#8211; <a href=\"http:\/\/www.lavoixdunord.fr\/481682\/article\/2018-11-04\/thibaud-et-joffrey-les-visages-du-derby-va-lens\" target=\"_blank\" rel=\"noopener\">Valenciennes Thibaud et Joffrey, les visages du derby VA \u2013 Lens<\/a><\/p>\n<p>&nbsp;<\/p>\n","protected":false},"excerpt":{"rendered":"<p>&nbsp; Retrouvez une s\u00e9lection d&rsquo;articles du Web avant le derby de samedi qui opposera Valenciennes FC au RC Lens au stade du Hainaut (coup d&rsquo;envoi \u00e0 15h00) pour le compte de la 14e journ\u00e9e de Domino&rsquo;s Ligue 2. LFP &#8211; Roudet : \u00abLens-VAFC, un match sympa \u00e0 jouer\u00bb ButFootballClub &#8211; RC Lens : \u00e9tat des &hellip; <a href=\"https:\/\/www.sitercl.com\/News\/?p=51\" class=\"more-link\">Continuer la lecture<span class=\"screen-reader-text\"> de &laquo;&nbsp;Revue du web avant VA &#8211; Lens&nbsp;&raquo;<\/span><\/a><\/p>\n","protected":false},"author":2,"featured_media":0,"comment_status":"closed","ping_status":"open","sticky":false,"template":"","format":"standard","meta":{"footnotes":""},"categories":[6],"tags":[13],"class_list":["post-51","post","type-post","status-publish","format-standard","hentry","category-revue-du-web","tag-internet"],"_links":{"self":[{"href":"https:\/\/www.sitercl.com\/News\/index.php?rest_route=\/wp\/v2\/posts\/51","targetHints":{"allow":["GET"]}}],"collection":[{"href":"https:\/\/www.sitercl.com\/News\/index.php?rest_route=\/wp\/v2\/posts"}],"about":[{"href":"https:\/\/www.sitercl.com\/News\/index.php?rest_route=\/wp\/v2\/types\/post"}],"author":[{"embeddable":true,"href":"https:\/\/www.sitercl.com\/News\/index.php?rest_route=\/wp\/v2\/users\/2"}],"replies":[{"embeddable":true,"href":"https:\/\/www.sitercl.com\/News\/index.php?rest_route=%2Fwp%2Fv2%2Fcomments&post=51"}],"version-history":[{"count":6,"href":"https:\/\/www.sitercl.com\/News\/index.php?rest_route=\/wp\/v2\/posts\/51\/revisions"}],"predecessor-version":[{"id":67,"href":"https:\/\/www.sitercl.com\/News\/index.php?rest_route=\/wp\/v2\/posts\/51\/revisions\/67"}],"wp:attachment":[{"href":"https:\/\/www.sitercl.com\/News\/index.php?rest_route=%2Fwp%2Fv2%2Fmedia&parent=51"}],"wp:term":[{"taxonomy":"category","embeddable":true,"href":"https:\/\/www.sitercl.com\/News\/index.php?rest_route=%2Fwp%2Fv2%2Fcategories&post=51"},{"taxonomy":"post_tag","embeddable":true,"href":"https:\/\/www.sitercl.com\/News\/index.php?rest_route=%2Fwp%2Fv2%2Ftags&post=51"}],"curies":[{"name":"wp","href":"https:\/\/api.w.org\/{rel}","templated":true}]}}