{"id":531,"date":"2019-01-19T19:32:30","date_gmt":"2019-01-19T18:32:30","guid":{"rendered":"https:\/\/www.sitercl.com\/News\/?p=531"},"modified":"2019-01-21T19:39:32","modified_gmt":"2019-01-21T18:39:32","slug":"revue-de-presse-apres-lens-nancy","status":"publish","type":"post","link":"https:\/\/www.sitercl.com\/News\/?p=531","title":{"rendered":"Revue de presse apr\u00e8s Lens &#8211; Nancy"},"content":{"rendered":"\n<div class=\"wp-block-image\"><figure class=\"alignright\"><img decoding=\"async\" src=\"https:\/\/www.sitercl.com\/Clubs\/France\/nancyas.gif\" alt=\"\"\/><\/figure><\/div>\n\n\n\n<p>Retrouvez une s\u00e9lection d&rsquo;articles du web apr\u00e8s la victoire des Sang et Or face aux Lorrains de Nancy (2-1) pour le compte de la 21e journ\u00e9e de Domino&rsquo;s Ligue 2&#8230;<\/p>\n\n\n\n<p><b>france3-regions.francetvinfo.fr<\/b> :<br>-19\/01\/2019 <a href=\"https:\/\/france3-regions.francetvinfo.fr\/hauts-de-france\/pas-calais\/lens\/rc-lens-bat-nancy-reprend-pied-podium-1609895.html\" target=\"_blank\" rel=\"noopener\">Le RC Lens bat Nancy et reprend pied sur le podium<\/a> <br><br><b>www.lequipe.fr<\/b> :<br>-19\/01\/2019 <a href=\"https:\/\/www.lequipe.fr\/Football\/Actualites\/Ligue-2-lens-s-evite-une-crise-et-monte-sur-le-podium-en-battant-nancy\/979250\" target=\"_blank\" rel=\"noopener\">Lens s&rsquo;\u00e9vite une crise et monte sur le podium en battant Nancy<\/a><br><br><b>www.football365.fr<\/b> :<br>-19\/01\/2019 <a href=\"http:\/\/www.football365.fr\/l2-lens-renoue-victoire-enfonce-nancy-8841556.html\" target=\"_blank\" rel=\"noopener\">Lens renoue avec la victoire et enfonce Nancy<\/a> <br><br> <b>maligue2.fr<\/b> :<br>-21\/01\/2019 <a href=\"https:\/\/maligue2.fr\/2019\/01\/21\/nouvelle-grosse-blessure-pour-mouaad-madri\/\" target=\"_blank\" rel=\"noopener\">Nouvelle grosse blessure pour Mouaad Madri (RC Lens) !<\/a> <br>-19\/01\/2019 <a href=\"https:\/\/maligue2.fr\/2019\/01\/19\/ligue-2-lens-nancy-2-1-les-notes-de-la-rencontre\/\" target=\"_blank\" rel=\"noopener\">Lens-Nancy (2-1), les notes de la rencontre<\/a> <br>-19\/01\/2019 <a href=\"https:\/\/maligue2.fr\/2019\/01\/19\/philippe-montanier-nous-navons-pas-fait-un-grand-match\/\" target=\"_blank\" rel=\"noopener\">Philippe Montanier : \u00ab Nous n&rsquo;avons pas fait un grand match \u00bb<\/a><br><br><b>www.butfootballclub.fr<\/b> :<br>-19\/01\/2019 <a href=\"https:\/\/www.butfootballclub.fr\/ligue-2\/lens\/rc-lens-asnl-2-1-les-problemes-lensois-sont-loin-detre-regles\/\" target=\"_blank\" rel=\"noopener\">RC Lens \u2013 ASNL (2-1) : les probl\u00e8mes lensois sont loin d&rsquo;\u00eatre r\u00e9gl\u00e9s&#8230;<\/a><br><br><b>www.foot-sur7.fr<\/b> :<br>-19\/01\/2019 <a href=\"https:\/\/www.foot-sur7.fr\/413878-rc-lens-asnl-notes-joueurs-lens-nancy\" target=\"_blank\" rel=\"noopener\">RC Lens &#8211; ASNL (2-1), L2 : Les notes des joueurs de Lens et Nancy<\/a> <br><br><b>www.lavoixdunord.fr<\/b> :<br>-21\/01\/2019 <a href=\"http:\/\/www.lavoixdunord.fr\/524810\/article\/2019-01-21\/lens-est-il-arme-pour-monter\" target=\"_blank\" rel=\"noopener\">Les Lensois sont-ils arm\u00e9s pour monter ?<\/a> <br>-19\/01\/2019 <a href=\"http:\/\/www.lavoixdunord.fr\/523447\/article\/2019-01-18\/lens-veut-rebondir-face-nancy-suivez-notre-direct-commente\" target=\"_blank\" rel=\"noopener\">Lens s\u2019arrache pour retrouver le podium<\/a> <br>-19\/01\/2019 <a href=\"http:\/\/www.lavoixdunord.fr\/523986\/article\/2019-01-19\/lens-nancy-2-1-en-images\" target=\"_blank\" rel=\"noopener\">Photos : Lens &#8211; Nancy (2-1) en images<\/a><br>-19\/01\/2019 <a href=\"http:\/\/www.lavoixdunord.fr\/524012\/article\/2019-01-19\/bencharki-le-buteur-providentiel-les-notes-des-lensois\" target=\"_blank\" rel=\"noopener\">Bencharki, le buteur providentiel, les notes des Lensois<\/a><br><br><b>www.estrepublicain.fr<\/b> :<br>-19\/01\/2019 <a href=\"https:\/\/www.estrepublicain.fr\/sport-lorrain\/2019\/01\/19\/suivez-la-rencontre-lens-asnl-a-partir-de-14-h-30\" target=\"_blank\" rel=\"noopener\">Pas d&rsquo;exploit pour l&rsquo;ASNL qui s&rsquo;incline \u00e0 Lens (1-2)<\/a><br><br><b>www.francebleu.fr<\/b> :<br>-19\/01\/2019 <a href=\"https:\/\/www.francebleu.fr\/sports\/football\/ligue-2-l-asnl-s-ecroule-a-lens-et-reste-lanterne-rouge-2-1-1547919939?xtmc=AS%20Nancy&amp;xtnp=1&amp;xtcr=1\" target=\"_blank\" rel=\"noopener\">Ligue 2 : l&rsquo;ASNL s&rsquo;\u00e9croule \u00e0 Lens et reste lanterne rouge (2-1)<\/a><br><br><b>www.francefootball.fr<\/b> :<br>-21\/01\/2019 <a href=\"https:\/\/www.francefootball.fr\/news\/Fracture-du-perone-pour-mouaad-madri-absent-trois-mois-avec-lens\/980016\" target=\"_blank\" rel=\"noopener\">Fracture du p\u00e9ron\u00e9 pour Mouaad Madri, absent trois mois avec Lens<\/a> <\/p>\n","protected":false},"excerpt":{"rendered":"<p>Retrouvez une s\u00e9lection d&rsquo;articles du web apr\u00e8s la victoire des Sang et Or face aux Lorrains de Nancy (2-1) pour le compte de la 21e journ\u00e9e de Domino&rsquo;s Ligue 2&#8230; france3-regions.francetvinfo.fr :-19\/01\/2019 Le RC Lens bat Nancy et reprend pied sur le podium www.lequipe.fr :-19\/01\/2019 Lens s&rsquo;\u00e9vite une crise et monte sur le podium en &hellip; <a href=\"https:\/\/www.sitercl.com\/News\/?p=531\" class=\"more-link\">Continuer la lecture<span class=\"screen-reader-text\"> de &laquo;&nbsp;Revue de presse apr\u00e8s Lens &#8211; Nancy&nbsp;&raquo;<\/span><\/a><\/p>\n","protected":false},"author":2,"featured_media":0,"comment_status":"closed","ping_status":"open","sticky":false,"template":"","format":"standard","meta":{"footnotes":""},"categories":[6],"tags":[13,50,70],"class_list":["post-531","post","type-post","status-publish","format-standard","hentry","category-revue-du-web","tag-internet","tag-ligue-2","tag-nancy"],"_links":{"self":[{"href":"https:\/\/www.sitercl.com\/News\/index.php?rest_route=\/wp\/v2\/posts\/531","targetHints":{"allow":["GET"]}}],"collection":[{"href":"https:\/\/www.sitercl.com\/News\/index.php?rest_route=\/wp\/v2\/posts"}],"about":[{"href":"https:\/\/www.sitercl.com\/News\/index.php?rest_route=\/wp\/v2\/types\/post"}],"author":[{"embeddable":true,"href":"https:\/\/www.sitercl.com\/News\/index.php?rest_route=\/wp\/v2\/users\/2"}],"replies":[{"embeddable":true,"href":"https:\/\/www.sitercl.com\/News\/index.php?rest_route=%2Fwp%2Fv2%2Fcomments&post=531"}],"version-history":[{"count":4,"href":"https:\/\/www.sitercl.com\/News\/index.php?rest_route=\/wp\/v2\/posts\/531\/revisions"}],"predecessor-version":[{"id":542,"href":"https:\/\/www.sitercl.com\/News\/index.php?rest_route=\/wp\/v2\/posts\/531\/revisions\/542"}],"wp:attachment":[{"href":"https:\/\/www.sitercl.com\/News\/index.php?rest_route=%2Fwp%2Fv2%2Fmedia&parent=531"}],"wp:term":[{"taxonomy":"category","embeddable":true,"href":"https:\/\/www.sitercl.com\/News\/index.php?rest_route=%2Fwp%2Fv2%2Fcategories&post=531"},{"taxonomy":"post_tag","embeddable":true,"href":"https:\/\/www.sitercl.com\/News\/index.php?rest_route=%2Fwp%2Fv2%2Ftags&post=531"}],"curies":[{"name":"wp","href":"https:\/\/api.w.org\/{rel}","templated":true}]}}