{"id":5451,"date":"2021-06-08T19:21:44","date_gmt":"2021-06-08T17:21:44","guid":{"rendered":"https:\/\/www.sitercl.com\/News\/?p=5451"},"modified":"2021-06-08T19:31:51","modified_gmt":"2021-06-08T17:31:51","slug":"mauricio-a-sochaux","status":"publish","type":"post","link":"https:\/\/www.sitercl.com\/News\/?p=5451","title":{"rendered":"Mauricio \u00e0 Sochaux ?"},"content":{"rendered":"\n<div class=\"wp-block-image\"><figure class=\"alignright size-large\"><img decoding=\"async\" src=\"https:\/\/www.sitercl.com\/Fichejo\/M\/mauricit.gif\" alt=\"\"\/><\/figure><\/div>\n\n\n\n<p>Invit\u00e9 sur&nbsp;<em>France Bleu Belfort Montb\u00e9liard<\/em>,&nbsp;Samuel Laurent&nbsp;(DG du club sochalien) a \u00e9voqu\u00e9 le prochain mercato&nbsp;estival du FC Sochaux et il annonce que le Lensois, Tony Mauricio, aurait donn\u00e9 son accord pour rejoindre les pensionnaires de&nbsp;Ligue 2. Reste maintenant \u00e0 savoir comment va se d\u00e9rouler la transaction avec le RC Lens, son contrat prenant fin en 2023.<\/p>\n\n\n\n<p>Autre d\u00e9part qui est souvent \u00e9voqu\u00e9 dans les rumeurs, celui de Cheik\u00a0Traor\u00e9 (en fin de contrat en 2022) \u00e0 Dijon.<\/p>\n","protected":false},"excerpt":{"rendered":"<p>Invit\u00e9 sur&nbsp;France Bleu Belfort Montb\u00e9liard,&nbsp;Samuel Laurent&nbsp;(DG du club sochalien) a \u00e9voqu\u00e9 le prochain mercato&nbsp;estival du FC Sochaux et il annonce que le Lensois, Tony Mauricio, aurait donn\u00e9 son accord pour rejoindre les pensionnaires de&nbsp;Ligue 2. Reste maintenant \u00e0 savoir comment va se d\u00e9rouler la transaction avec le RC Lens, son contrat prenant fin en 2023. &hellip; <a href=\"https:\/\/www.sitercl.com\/News\/?p=5451\" class=\"more-link\">Continuer la lecture<span class=\"screen-reader-text\"> de &laquo;&nbsp;Mauricio \u00e0 Sochaux ?&nbsp;&raquo;<\/span><\/a><\/p>\n","protected":false},"author":2,"featured_media":0,"comment_status":"closed","ping_status":"open","sticky":false,"template":"","format":"standard","meta":{"footnotes":""},"categories":[2],"tags":[159,165,64,80,170],"class_list":["post-5451","post","type-post","status-publish","format-standard","hentry","category-infos","tag-dijon","tag-mauricio","tag-mercato","tag-sochaux","tag-traore"],"_links":{"self":[{"href":"https:\/\/www.sitercl.com\/News\/index.php?rest_route=\/wp\/v2\/posts\/5451","targetHints":{"allow":["GET"]}}],"collection":[{"href":"https:\/\/www.sitercl.com\/News\/index.php?rest_route=\/wp\/v2\/posts"}],"about":[{"href":"https:\/\/www.sitercl.com\/News\/index.php?rest_route=\/wp\/v2\/types\/post"}],"author":[{"embeddable":true,"href":"https:\/\/www.sitercl.com\/News\/index.php?rest_route=\/wp\/v2\/users\/2"}],"replies":[{"embeddable":true,"href":"https:\/\/www.sitercl.com\/News\/index.php?rest_route=%2Fwp%2Fv2%2Fcomments&post=5451"}],"version-history":[{"count":2,"href":"https:\/\/www.sitercl.com\/News\/index.php?rest_route=\/wp\/v2\/posts\/5451\/revisions"}],"predecessor-version":[{"id":5455,"href":"https:\/\/www.sitercl.com\/News\/index.php?rest_route=\/wp\/v2\/posts\/5451\/revisions\/5455"}],"wp:attachment":[{"href":"https:\/\/www.sitercl.com\/News\/index.php?rest_route=%2Fwp%2Fv2%2Fmedia&parent=5451"}],"wp:term":[{"taxonomy":"category","embeddable":true,"href":"https:\/\/www.sitercl.com\/News\/index.php?rest_route=%2Fwp%2Fv2%2Fcategories&post=5451"},{"taxonomy":"post_tag","embeddable":true,"href":"https:\/\/www.sitercl.com\/News\/index.php?rest_route=%2Fwp%2Fv2%2Ftags&post=5451"}],"curies":[{"name":"wp","href":"https:\/\/api.w.org\/{rel}","templated":true}]}}