{"id":5553,"date":"2021-07-07T21:14:19","date_gmt":"2021-07-07T19:14:19","guid":{"rendered":"https:\/\/www.sitercl.com\/News\/?p=5553"},"modified":"2021-07-07T21:14:19","modified_gmt":"2021-07-07T19:14:19","slug":"un-nul-face-au-standard-1-1","status":"publish","type":"post","link":"https:\/\/www.sitercl.com\/News\/?p=5553","title":{"rendered":"Un nul face au Standard (1-1)"},"content":{"rendered":"\n<div class=\"wp-block-image\"><figure class=\"alignright size-large\"><img decoding=\"async\" src=\"https:\/\/www.sitercl.com\/Clubs\/Europe\/liegesta.gif\" alt=\"\"\/><\/figure><\/div>\n\n\n\n<p>Ce mercredi, les Sang et Or ont jou\u00e9 leur premier match de pr\u00e9paration de la saison. Et si les Belges du Standard de Li\u00e8ge ont ouvert le score \u00e0 la 25e minute, <a href=\"https:\/\/www.sitercl.com\/Fichejo\/C\/camarama.htm\">Mamadou Camara<\/a>, en fin de rencontre gr\u00e2ce \u00e0 une belle frappe des 20 m\u00e8tres a r\u00e9ussi \u00e0 arracher le nul (90e). Une premi\u00e8re recrue, bien en jambes, qui s&rsquo;est donc vite fait remarquer parmi l&rsquo;effectif art\u00e9sien. On notera aussi la pr\u00e9sence sur le terrain de Deiver Machado\u00a0dont pourtant l&rsquo;officialisation de son transfert \u00e0 Lens pour trois ans a \u00e9t\u00e9 effectu\u00e9e ce jour m\u00eame.<br>On retiendra donc plut\u00f4t un bon nul face une \u00e9quipe belge qui avait deux semaines de pr\u00e9paration et trois matches de pr\u00e9paration en plus \u00e0 son actif\u2026<\/p>\n","protected":false},"excerpt":{"rendered":"<p>Ce mercredi, les Sang et Or ont jou\u00e9 leur premier match de pr\u00e9paration de la saison. Et si les Belges du Standard de Li\u00e8ge ont ouvert le score \u00e0 la 25e minute, Mamadou Camara, en fin de rencontre gr\u00e2ce \u00e0 une belle frappe des 20 m\u00e8tres a r\u00e9ussi \u00e0 arracher le nul (90e). Une premi\u00e8re &hellip; <a href=\"https:\/\/www.sitercl.com\/News\/?p=5553\" class=\"more-link\">Continuer la lecture<span class=\"screen-reader-text\"> de &laquo;&nbsp;Un nul face au Standard (1-1)&nbsp;&raquo;<\/span><\/a><\/p>\n","protected":false},"author":2,"featured_media":0,"comment_status":"closed","ping_status":"open","sticky":false,"template":"","format":"standard","meta":{"footnotes":""},"categories":[2],"tags":[423,335,166],"class_list":["post-5553","post","type-post","status-publish","format-standard","hentry","category-infos","tag-camara","tag-liege","tag-match-amical"],"_links":{"self":[{"href":"https:\/\/www.sitercl.com\/News\/index.php?rest_route=\/wp\/v2\/posts\/5553","targetHints":{"allow":["GET"]}}],"collection":[{"href":"https:\/\/www.sitercl.com\/News\/index.php?rest_route=\/wp\/v2\/posts"}],"about":[{"href":"https:\/\/www.sitercl.com\/News\/index.php?rest_route=\/wp\/v2\/types\/post"}],"author":[{"embeddable":true,"href":"https:\/\/www.sitercl.com\/News\/index.php?rest_route=\/wp\/v2\/users\/2"}],"replies":[{"embeddable":true,"href":"https:\/\/www.sitercl.com\/News\/index.php?rest_route=%2Fwp%2Fv2%2Fcomments&post=5553"}],"version-history":[{"count":1,"href":"https:\/\/www.sitercl.com\/News\/index.php?rest_route=\/wp\/v2\/posts\/5553\/revisions"}],"predecessor-version":[{"id":5554,"href":"https:\/\/www.sitercl.com\/News\/index.php?rest_route=\/wp\/v2\/posts\/5553\/revisions\/5554"}],"wp:attachment":[{"href":"https:\/\/www.sitercl.com\/News\/index.php?rest_route=%2Fwp%2Fv2%2Fmedia&parent=5553"}],"wp:term":[{"taxonomy":"category","embeddable":true,"href":"https:\/\/www.sitercl.com\/News\/index.php?rest_route=%2Fwp%2Fv2%2Fcategories&post=5553"},{"taxonomy":"post_tag","embeddable":true,"href":"https:\/\/www.sitercl.com\/News\/index.php?rest_route=%2Fwp%2Fv2%2Ftags&post=5553"}],"curies":[{"name":"wp","href":"https:\/\/api.w.org\/{rel}","templated":true}]}}