{"id":5560,"date":"2021-07-08T19:53:43","date_gmt":"2021-07-08T17:53:43","guid":{"rendered":"https:\/\/www.sitercl.com\/News\/?p=5560"},"modified":"2021-07-08T19:53:43","modified_gmt":"2021-07-08T17:53:43","slug":"un-nouveau-jeune-gardien-a-lens","status":"publish","type":"post","link":"https:\/\/www.sitercl.com\/News\/?p=5560","title":{"rendered":"Un nouveau jeune gardien \u00e0 Lens"},"content":{"rendered":"\n<div class=\"wp-block-image\"><figure class=\"alignright size-large\"><img decoding=\"async\" src=\"https:\/\/www.sitercl.com\/Fichejo\/L\/lesieurv.gif\" alt=\"\"\/><\/figure><\/div>\n\n\n\n<p>Cela faisait d\u00e9j\u00e0 quelques jours qu&rsquo;il \u00e9tait avec le groupe lensois mais l&rsquo;officialisation de l&rsquo;arriv\u00e9e de Valentino Lesieur avec un contrat de 3 ans a \u00e9t\u00e9 indiqu\u00e9e seulement ce jeudi par le club. Ce jeune gardien franco-portugais (18 ans), d\u00e9j\u00e0 plusieurs fois pr\u00e9sents dans les \u00e9quipes de jeunes de la s\u00e9lection portugaise vient du centre de formation du FC Nantes. Il sera en concurrence avec Yannick Pandor, n\u00e9 en 2001 et form\u00e9 au club, pour le poste de gardien num\u00e9ro 3 du RCL.<\/p>\n","protected":false},"excerpt":{"rendered":"<p>Cela faisait d\u00e9j\u00e0 quelques jours qu&rsquo;il \u00e9tait avec le groupe lensois mais l&rsquo;officialisation de l&rsquo;arriv\u00e9e de Valentino Lesieur avec un contrat de 3 ans a \u00e9t\u00e9 indiqu\u00e9e seulement ce jeudi par le club. Ce jeune gardien franco-portugais (18 ans), d\u00e9j\u00e0 plusieurs fois pr\u00e9sents dans les \u00e9quipes de jeunes de la s\u00e9lection portugaise vient du centre &hellip; <a href=\"https:\/\/www.sitercl.com\/News\/?p=5560\" class=\"more-link\">Continuer la lecture<span class=\"screen-reader-text\"> de &laquo;&nbsp;Un nouveau jeune gardien \u00e0 Lens&nbsp;&raquo;<\/span><\/a><\/p>\n","protected":false},"author":2,"featured_media":0,"comment_status":"closed","ping_status":"open","sticky":false,"template":"","format":"standard","meta":{"footnotes":""},"categories":[2],"tags":[127,445,64,446,58],"class_list":["post-5560","post","type-post","status-publish","format-standard","hentry","category-infos","tag-gardien","tag-lesieur","tag-mercato","tag-pandor","tag-transfert"],"_links":{"self":[{"href":"https:\/\/www.sitercl.com\/News\/index.php?rest_route=\/wp\/v2\/posts\/5560","targetHints":{"allow":["GET"]}}],"collection":[{"href":"https:\/\/www.sitercl.com\/News\/index.php?rest_route=\/wp\/v2\/posts"}],"about":[{"href":"https:\/\/www.sitercl.com\/News\/index.php?rest_route=\/wp\/v2\/types\/post"}],"author":[{"embeddable":true,"href":"https:\/\/www.sitercl.com\/News\/index.php?rest_route=\/wp\/v2\/users\/2"}],"replies":[{"embeddable":true,"href":"https:\/\/www.sitercl.com\/News\/index.php?rest_route=%2Fwp%2Fv2%2Fcomments&post=5560"}],"version-history":[{"count":1,"href":"https:\/\/www.sitercl.com\/News\/index.php?rest_route=\/wp\/v2\/posts\/5560\/revisions"}],"predecessor-version":[{"id":5561,"href":"https:\/\/www.sitercl.com\/News\/index.php?rest_route=\/wp\/v2\/posts\/5560\/revisions\/5561"}],"wp:attachment":[{"href":"https:\/\/www.sitercl.com\/News\/index.php?rest_route=%2Fwp%2Fv2%2Fmedia&parent=5560"}],"wp:term":[{"taxonomy":"category","embeddable":true,"href":"https:\/\/www.sitercl.com\/News\/index.php?rest_route=%2Fwp%2Fv2%2Fcategories&post=5560"},{"taxonomy":"post_tag","embeddable":true,"href":"https:\/\/www.sitercl.com\/News\/index.php?rest_route=%2Fwp%2Fv2%2Ftags&post=5560"}],"curies":[{"name":"wp","href":"https:\/\/api.w.org\/{rel}","templated":true}]}}