{"id":559,"date":"2019-01-25T18:51:59","date_gmt":"2019-01-25T17:51:59","guid":{"rendered":"https:\/\/www.sitercl.com\/News\/?p=559"},"modified":"2019-01-26T15:24:07","modified_gmt":"2019-01-26T14:24:07","slug":"jeremy-vachoux-sur-le-depart","status":"publish","type":"post","link":"https:\/\/www.sitercl.com\/News\/?p=559","title":{"rendered":"J\u00e9r\u00e9my Vachoux sur le d\u00e9part ?"},"content":{"rendered":"\n<div class=\"wp-block-image\"><figure class=\"alignright\"><img decoding=\"async\" src=\"https:\/\/www.sitercl.com\/Fichejo\/V\/vachouxj.gif\" alt=\"\"\/><\/figure><\/div>\n\n\n\n<p>Le gardien lensois, J\u00e9r\u00e9my Vachoux, doublure cette ann\u00e9e de Jean-Louis Leca, pourrait poser ses valises \u00e0 partir de cet \u00e9t\u00e9 du c\u00f4t\u00e9 d&rsquo;Orl\u00e9ans. Selon <em>La R\u00e9publique du Centre<\/em>, cela pourrait m\u00eame \u00eatre officialis\u00e9 assez rapidement\u2026 L&rsquo;US Orl\u00e9ans avait d\u00e9j\u00e0 nou\u00e9 des contacts avec le lensois et le d\u00e9part \u00e0 la fin de la saison de son gardien, Gauthier Gallon, a r\u00e9activ\u00e9 cette piste.<\/p>\n\n\n\n<p>P.S. <strong>L&rsquo;officialisation de son d\u00e9part en fin de saison a \u00e9t\u00e9 faite peu apr\u00e8s la publication de cette article !<\/strong><\/p>\n\n\n\n<p><em>Sources <\/em>:<br><br><b>www.larep.fr<\/b> :<br>-24\/01\/2019 <a href=\"https:\/\/www.larep.fr\/orleans\/sports\/football\/2019\/01\/24\/jeremy-vachoux-rc-lens-tout-pres-de-signer-a-l-us-orleans_13118334.html\" target=\"_blank\" rel=\"noopener\">J\u00e9r\u00e9my Vachoux (RC Lens) tout pr\u00e8s de signer \u00e0 l&rsquo;US Orl\u00e9ans<\/a><br><br><b>www.lavoixdunord.fr<\/b> :<br>-26\/01\/2019 <a href=\"http:\/\/www.lavoixdunord.fr\/527694\/article\/2019-01-26\/mercato-le-gardien-lensois-jeremy-vachoux-rejoindra-orleans-la-saison-prochaine\" target=\"_blank\" rel=\"noopener\">Le gardien lensois J\u00e9r\u00e9my Vachoux rejoindra Orl\u00e9ans la saison prochaine<\/a><\/p>\n\n\n\n<p><\/p>\n","protected":false},"excerpt":{"rendered":"<p>Le gardien lensois, J\u00e9r\u00e9my Vachoux, doublure cette ann\u00e9e de Jean-Louis Leca, pourrait poser ses valises \u00e0 partir de cet \u00e9t\u00e9 du c\u00f4t\u00e9 d&rsquo;Orl\u00e9ans. Selon La R\u00e9publique du Centre, cela pourrait m\u00eame \u00eatre officialis\u00e9 assez rapidement\u2026 L&rsquo;US Orl\u00e9ans avait d\u00e9j\u00e0 nou\u00e9 des contacts avec le lensois et le d\u00e9part \u00e0 la fin de la saison de &hellip; <a href=\"https:\/\/www.sitercl.com\/News\/?p=559\" class=\"more-link\">Continuer la lecture<span class=\"screen-reader-text\"> de &laquo;&nbsp;J\u00e9r\u00e9my Vachoux sur le d\u00e9part ?&nbsp;&raquo;<\/span><\/a><\/p>\n","protected":false},"author":2,"featured_media":0,"comment_status":"closed","ping_status":"open","sticky":false,"template":"","format":"standard","meta":{"footnotes":""},"categories":[2],"tags":[13,64,90,89],"class_list":["post-559","post","type-post","status-publish","format-standard","hentry","category-infos","tag-internet","tag-mercato","tag-orleans","tag-vachoux"],"_links":{"self":[{"href":"https:\/\/www.sitercl.com\/News\/index.php?rest_route=\/wp\/v2\/posts\/559","targetHints":{"allow":["GET"]}}],"collection":[{"href":"https:\/\/www.sitercl.com\/News\/index.php?rest_route=\/wp\/v2\/posts"}],"about":[{"href":"https:\/\/www.sitercl.com\/News\/index.php?rest_route=\/wp\/v2\/types\/post"}],"author":[{"embeddable":true,"href":"https:\/\/www.sitercl.com\/News\/index.php?rest_route=\/wp\/v2\/users\/2"}],"replies":[{"embeddable":true,"href":"https:\/\/www.sitercl.com\/News\/index.php?rest_route=%2Fwp%2Fv2%2Fcomments&post=559"}],"version-history":[{"count":3,"href":"https:\/\/www.sitercl.com\/News\/index.php?rest_route=\/wp\/v2\/posts\/559\/revisions"}],"predecessor-version":[{"id":568,"href":"https:\/\/www.sitercl.com\/News\/index.php?rest_route=\/wp\/v2\/posts\/559\/revisions\/568"}],"wp:attachment":[{"href":"https:\/\/www.sitercl.com\/News\/index.php?rest_route=%2Fwp%2Fv2%2Fmedia&parent=559"}],"wp:term":[{"taxonomy":"category","embeddable":true,"href":"https:\/\/www.sitercl.com\/News\/index.php?rest_route=%2Fwp%2Fv2%2Fcategories&post=559"},{"taxonomy":"post_tag","embeddable":true,"href":"https:\/\/www.sitercl.com\/News\/index.php?rest_route=%2Fwp%2Fv2%2Ftags&post=559"}],"curies":[{"name":"wp","href":"https:\/\/api.w.org\/{rel}","templated":true}]}}