{"id":5595,"date":"2021-07-22T09:54:55","date_gmt":"2021-07-22T07:54:55","guid":{"rendered":"https:\/\/www.sitercl.com\/News\/?p=5595"},"modified":"2021-07-22T16:48:01","modified_gmt":"2021-07-22T14:48:01","slug":"walid-mesloub-entraineur-adjoint-de-la-reserve","status":"publish","type":"post","link":"https:\/\/www.sitercl.com\/News\/?p=5595","title":{"rendered":"Walid Mesloub, entra\u00eeneur adjoint de la r\u00e9serve"},"content":{"rendered":"\n<div class=\"wp-block-image\"><figure class=\"alignright size-large\"><img decoding=\"async\" src=\"https:\/\/www.sitercl.com\/Fichejo\/M\/mesloubw.gif\" alt=\"\"\/><\/figure><\/div>\n\n\n\n<p>La r\u00e9serve du RC Lens sera toujours coach\u00e9e par Yohan D\u00e9mont cette saison. Mais le staff lensois s\u2019\u00e9toffe puisque Walid Mesloub, \u00e9galement ancien joueur du club, l\u2019accompagnera dor\u00e9navant sur le banc.<br>L&rsquo;\u00e9quipe r\u00e9serve qui a re\u00e7u \u00e9galement le renfort cette fois au niveau des joueurs du jeune d\u00e9fenseur lat\u00e9ral de 19 ans, Mamadou Thiam, qui a quitt\u00e9 son club du FC Guidars et l\u2019Acad\u00e9mie Jean-Marc Guillou de Bamako avec la signature d\u2019un contrat de 2 ans avec les Sang et Or.<\/p>\n\n\n\n<p>A noter que mercredi, la r\u00e9serve s&rsquo;est inclin\u00e9e face \u00e0 l&rsquo;USBCO en match amical de pr\u00e9paration de la saison (2-1). L&rsquo;auteur du seul but Sang et Or est Na\u00efl Belaggoune (1-1, 61e).<\/p>\n","protected":false},"excerpt":{"rendered":"<p>La r\u00e9serve du RC Lens sera toujours coach\u00e9e par Yohan D\u00e9mont cette saison. Mais le staff lensois s\u2019\u00e9toffe puisque Walid Mesloub, \u00e9galement ancien joueur du club, l\u2019accompagnera dor\u00e9navant sur le banc.L&rsquo;\u00e9quipe r\u00e9serve qui a re\u00e7u \u00e9galement le renfort cette fois au niveau des joueurs du jeune d\u00e9fenseur lat\u00e9ral de 19 ans, Mamadou Thiam, qui a &hellip; <a href=\"https:\/\/www.sitercl.com\/News\/?p=5595\" class=\"more-link\">Continuer la lecture<span class=\"screen-reader-text\"> de &laquo;&nbsp;Walid Mesloub, entra\u00eeneur adjoint de la r\u00e9serve&nbsp;&raquo;<\/span><\/a><\/p>\n","protected":false},"author":2,"featured_media":0,"comment_status":"closed","ping_status":"open","sticky":false,"template":"","format":"standard","meta":{"footnotes":""},"categories":[2],"tags":[77,94,451,21,160,452],"class_list":["post-5595","post","type-post","status-publish","format-standard","hentry","category-infos","tag-ancien","tag-boulogne","tag-demont-2","tag-mesloub","tag-reserve","tag-thiam"],"_links":{"self":[{"href":"https:\/\/www.sitercl.com\/News\/index.php?rest_route=\/wp\/v2\/posts\/5595","targetHints":{"allow":["GET"]}}],"collection":[{"href":"https:\/\/www.sitercl.com\/News\/index.php?rest_route=\/wp\/v2\/posts"}],"about":[{"href":"https:\/\/www.sitercl.com\/News\/index.php?rest_route=\/wp\/v2\/types\/post"}],"author":[{"embeddable":true,"href":"https:\/\/www.sitercl.com\/News\/index.php?rest_route=\/wp\/v2\/users\/2"}],"replies":[{"embeddable":true,"href":"https:\/\/www.sitercl.com\/News\/index.php?rest_route=%2Fwp%2Fv2%2Fcomments&post=5595"}],"version-history":[{"count":3,"href":"https:\/\/www.sitercl.com\/News\/index.php?rest_route=\/wp\/v2\/posts\/5595\/revisions"}],"predecessor-version":[{"id":5601,"href":"https:\/\/www.sitercl.com\/News\/index.php?rest_route=\/wp\/v2\/posts\/5595\/revisions\/5601"}],"wp:attachment":[{"href":"https:\/\/www.sitercl.com\/News\/index.php?rest_route=%2Fwp%2Fv2%2Fmedia&parent=5595"}],"wp:term":[{"taxonomy":"category","embeddable":true,"href":"https:\/\/www.sitercl.com\/News\/index.php?rest_route=%2Fwp%2Fv2%2Fcategories&post=5595"},{"taxonomy":"post_tag","embeddable":true,"href":"https:\/\/www.sitercl.com\/News\/index.php?rest_route=%2Fwp%2Fv2%2Ftags&post=5595"}],"curies":[{"name":"wp","href":"https:\/\/api.w.org\/{rel}","templated":true}]}}