{"id":5639,"date":"2021-08-07T18:28:55","date_gmt":"2021-08-07T16:28:55","guid":{"rendered":"https:\/\/www.sitercl.com\/News\/?p=5639"},"modified":"2021-08-07T18:38:53","modified_gmt":"2021-08-07T16:38:53","slug":"les-groupes-pour-rennes-lens-2","status":"publish","type":"post","link":"https:\/\/www.sitercl.com\/News\/?p=5639","title":{"rendered":"Les groupes pour Rennes &#8211; Lens"},"content":{"rendered":"\n<div class=\"wp-block-image\"><figure class=\"alignright size-large\"><img loading=\"lazy\" decoding=\"async\" width=\"137\" height=\"150\" src=\"https:\/\/www.sitercl.com\/News\/wp-content\/uploads\/2018\/12\/grpjoueu.jpg\" alt=\"\" class=\"wp-image-248\"\/><\/figure><\/div>\n\n\n\n<p>Voici les groupes convoqu\u00e9s par les entra\u00eeneurs du Stade Rennais (Bruno Genesio) et du RC Lens (Franck Haise) pour la rencontre qui les opposera dans le cadre de la 1\u00e8re journ\u00e9e de Ligue 1 Uber Eats saison 2021\/2022 ce dimanche \u00e0 partir de 13h (diffusion sur Prime Video).<\/p>\n\n\n\n<p><strong>Pour le Stade Rennais<\/strong> :<br>Gomisn, Salin \u2013 Traor\u00e9, Assignon, Aguerd, Bad\u00e9, Omari, Maouassa, Meling \u2013 Bourigeaud, Camavinga, Diouf, Ugochukwu,Tait \u2013 Abline, Del Castillo, Doku, Guirassy, Sulemana, Tel, Terrier.<\/p>\n\n\n\n<p>On retrouve dans le groupe breton, les anciens lensois Benjamin Bourigeaud et bien s\u00fbr Loic Bad\u00e9. Sinon les absents sont Gelin (bless\u00e9) et Truffert (reprise).<\/p>\n\n\n\n<p><strong>Pour le RC Lens<\/strong> :<br>Wuilker FAR\u00cd\u00d1EZ, Jean-Louis LECA &#8211; Isma\u00ebl BOURA, Jonathan CLAUSS, Kevin DANSO, Steven FORTES, Deiver MACHADO, Christopher WOOH &#8211; Yannick CAHUZAC, Cheick DOUCOUR\u00c9, Seko FOFANA, Przemyslaw FRANKOWSKI, Ga\u00ebl KAKUTA, David PEREIRA DA COSTA, Jonathan VARANE &#8211; Simon BANZA, Mohamed CISS\u00c9, Ignatius GANAGO, Corentin JEAN, Florian SOTOCA.<\/p>\n\n\n\n<p>Plusieurs absents pour cette rencontre en particulier dans la d\u00e9fense avec Massadio HA\u00cfDARA (mollet), Jonathan GRADIT (suspendu) et Facundo M\u00c9DINA (retour des Jeux Olympiques). Les autres absents sont Charles BOLI (reprise) et&nbsp;Wesley SA\u00cfD (adducteurs).<br>A noter la pr\u00e9sence de deux \u00ab\u00a0jeunes\u00a0\u00bb dans le groupe avec Jonathan Varane&nbsp;et&nbsp;Mohamed Ciss\u00e9 ainsi que les deux n\u00e9o-lensois, Frankowski et Danso.<\/p>\n\n\n\n<p><strong>Les arbitres<\/strong> :<br>C&rsquo;est Bastien DECHEPY (35 ans) qui a \u00e9t\u00e9 d\u00e9sign\u00e9 comme arbitre principal de cette rencontre. Il sera assist\u00e9 sur les lignes de touche par Brice PARINET LE TELLIER et Alexis AUGER. Le 4e arbitre sera Samir ZOLOTA. Les arbitres assistants vid\u00e9o seront Romain LISSORGUE et Alexandre CASTRO.<\/p>\n","protected":false},"excerpt":{"rendered":"<p>Voici les groupes convoqu\u00e9s par les entra\u00eeneurs du Stade Rennais (Bruno Genesio) et du RC Lens (Franck Haise) pour la rencontre qui les opposera dans le cadre de la 1\u00e8re journ\u00e9e de Ligue 1 Uber Eats saison 2021\/2022 ce dimanche \u00e0 partir de 13h (diffusion sur Prime Video). Pour le Stade Rennais :Gomisn, Salin \u2013 &hellip; <a href=\"https:\/\/www.sitercl.com\/News\/?p=5639\" class=\"more-link\">Continuer la lecture<span class=\"screen-reader-text\"> de &laquo;&nbsp;Les groupes pour Rennes &#8211; Lens&nbsp;&raquo;<\/span><\/a><\/p>\n","protected":false},"author":2,"featured_media":0,"comment_status":"closed","ping_status":"open","sticky":false,"template":"","format":"standard","meta":{"footnotes":""},"categories":[2],"tags":[11,151,348],"class_list":["post-5639","post","type-post","status-publish","format-standard","hentry","category-infos","tag-groupes","tag-ligue-1","tag-rennes"],"_links":{"self":[{"href":"https:\/\/www.sitercl.com\/News\/index.php?rest_route=\/wp\/v2\/posts\/5639","targetHints":{"allow":["GET"]}}],"collection":[{"href":"https:\/\/www.sitercl.com\/News\/index.php?rest_route=\/wp\/v2\/posts"}],"about":[{"href":"https:\/\/www.sitercl.com\/News\/index.php?rest_route=\/wp\/v2\/types\/post"}],"author":[{"embeddable":true,"href":"https:\/\/www.sitercl.com\/News\/index.php?rest_route=\/wp\/v2\/users\/2"}],"replies":[{"embeddable":true,"href":"https:\/\/www.sitercl.com\/News\/index.php?rest_route=%2Fwp%2Fv2%2Fcomments&post=5639"}],"version-history":[{"count":5,"href":"https:\/\/www.sitercl.com\/News\/index.php?rest_route=\/wp\/v2\/posts\/5639\/revisions"}],"predecessor-version":[{"id":5668,"href":"https:\/\/www.sitercl.com\/News\/index.php?rest_route=\/wp\/v2\/posts\/5639\/revisions\/5668"}],"wp:attachment":[{"href":"https:\/\/www.sitercl.com\/News\/index.php?rest_route=%2Fwp%2Fv2%2Fmedia&parent=5639"}],"wp:term":[{"taxonomy":"category","embeddable":true,"href":"https:\/\/www.sitercl.com\/News\/index.php?rest_route=%2Fwp%2Fv2%2Fcategories&post=5639"},{"taxonomy":"post_tag","embeddable":true,"href":"https:\/\/www.sitercl.com\/News\/index.php?rest_route=%2Fwp%2Fv2%2Ftags&post=5639"}],"curies":[{"name":"wp","href":"https:\/\/api.w.org\/{rel}","templated":true}]}}