{"id":5656,"date":"2021-08-06T21:37:30","date_gmt":"2021-08-06T19:37:30","guid":{"rendered":"https:\/\/www.sitercl.com\/News\/?p=5656"},"modified":"2021-08-06T21:37:30","modified_gmt":"2021-08-06T19:37:30","slug":"cest-officiel-pour-kevin-danso","status":"publish","type":"post","link":"https:\/\/www.sitercl.com\/News\/?p=5656","title":{"rendered":"C&rsquo;est officiel pour Kevin Danso"},"content":{"rendered":"\n<div class=\"wp-block-image\"><figure class=\"alignright size-large\"><img decoding=\"async\" src=\"https:\/\/www.sitercl.com\/Fichejo\/D\/dansokev.gif\" alt=\"\"\/><\/figure><\/div>\n\n\n\n<p>Les <a href=\"https:\/\/www.sitercl.com\/News\/?p=5628\">n\u00e9gociations<\/a> sur l&rsquo;indemnit\u00e9 de transfert ont pris un peu de temps avec le club allemand du FC Augsburg (on parle d&rsquo;un montant de 5M\u20ac) mais le RC Lens enregistre bien l&rsquo;arriv\u00e9e de l&rsquo;International Autrichien\u00a0<strong>Kevin Danso<\/strong>\u00a0(22 ans) pour un contrat de cinq ans. La saison derni\u00e8re, le d\u00e9fenseur central qui peut \u00e9voluer \u00e9galement en tant que milieu r\u00e9cup\u00e9rateur, \u00e9tait pr\u00eat\u00e9 au Fortuna D\u00fcsseldorf o\u00f9 il a jou\u00e9 33 matches en Bundesliga 2 et inscrit 2 buts.<\/p>\n","protected":false},"excerpt":{"rendered":"<p>Les n\u00e9gociations sur l&rsquo;indemnit\u00e9 de transfert ont pris un peu de temps avec le club allemand du FC Augsburg (on parle d&rsquo;un montant de 5M\u20ac) mais le RC Lens enregistre bien l&rsquo;arriv\u00e9e de l&rsquo;International Autrichien\u00a0Kevin Danso\u00a0(22 ans) pour un contrat de cinq ans. La saison derni\u00e8re, le d\u00e9fenseur central qui peut \u00e9voluer \u00e9galement en tant &hellip; <a href=\"https:\/\/www.sitercl.com\/News\/?p=5656\" class=\"more-link\">Continuer la lecture<span class=\"screen-reader-text\"> de &laquo;&nbsp;C&rsquo;est officiel pour Kevin Danso&nbsp;&raquo;<\/span><\/a><\/p>\n","protected":false},"author":2,"featured_media":0,"comment_status":"closed","ping_status":"open","sticky":false,"template":"","format":"standard","meta":{"footnotes":""},"categories":[2],"tags":[378,68,449,64,58],"class_list":["post-5656","post","type-post","status-publish","format-standard","hentry","category-infos","tag-augsbourg","tag-contrat","tag-danso","tag-mercato","tag-transfert"],"_links":{"self":[{"href":"https:\/\/www.sitercl.com\/News\/index.php?rest_route=\/wp\/v2\/posts\/5656","targetHints":{"allow":["GET"]}}],"collection":[{"href":"https:\/\/www.sitercl.com\/News\/index.php?rest_route=\/wp\/v2\/posts"}],"about":[{"href":"https:\/\/www.sitercl.com\/News\/index.php?rest_route=\/wp\/v2\/types\/post"}],"author":[{"embeddable":true,"href":"https:\/\/www.sitercl.com\/News\/index.php?rest_route=\/wp\/v2\/users\/2"}],"replies":[{"embeddable":true,"href":"https:\/\/www.sitercl.com\/News\/index.php?rest_route=%2Fwp%2Fv2%2Fcomments&post=5656"}],"version-history":[{"count":1,"href":"https:\/\/www.sitercl.com\/News\/index.php?rest_route=\/wp\/v2\/posts\/5656\/revisions"}],"predecessor-version":[{"id":5657,"href":"https:\/\/www.sitercl.com\/News\/index.php?rest_route=\/wp\/v2\/posts\/5656\/revisions\/5657"}],"wp:attachment":[{"href":"https:\/\/www.sitercl.com\/News\/index.php?rest_route=%2Fwp%2Fv2%2Fmedia&parent=5656"}],"wp:term":[{"taxonomy":"category","embeddable":true,"href":"https:\/\/www.sitercl.com\/News\/index.php?rest_route=%2Fwp%2Fv2%2Fcategories&post=5656"},{"taxonomy":"post_tag","embeddable":true,"href":"https:\/\/www.sitercl.com\/News\/index.php?rest_route=%2Fwp%2Fv2%2Ftags&post=5656"}],"curies":[{"name":"wp","href":"https:\/\/api.w.org\/{rel}","templated":true}]}}