{"id":6002,"date":"2021-09-21T19:39:31","date_gmt":"2021-09-21T17:39:31","guid":{"rendered":"https:\/\/www.sitercl.com\/News\/?p=6002"},"modified":"2021-09-21T19:39:31","modified_gmt":"2021-09-21T17:39:31","slug":"les-groupes-pour-lens-strasbourg-2","status":"publish","type":"post","link":"https:\/\/www.sitercl.com\/News\/?p=6002","title":{"rendered":"Les groupes pour Lens &#8211; Strasbourg"},"content":{"rendered":"\n<div class=\"wp-block-image\"><figure class=\"alignright size-full\"><img loading=\"lazy\" decoding=\"async\" width=\"137\" height=\"150\" src=\"https:\/\/www.sitercl.com\/News\/wp-content\/uploads\/2018\/12\/grpjoueu.jpg\" alt=\"\" class=\"wp-image-248\"\/><\/figure><\/div>\n\n\n\n<p>Voici les groupes convoqu\u00e9s pour le match de la 7e journ\u00e9e de Ligue 1 Uber Eats qui opposera les deux Racing, celui de Lens face \u00e0 Strasbourg ce mercredi \u00e0 partir de 21h&#8230;<\/p>\n\n\n\n<p><strong>Pour le RC Lens<\/strong> :<br>Leca, Farinez, Pandor \u2013 Boura, Clauss, Danso, Gradit, Ha\u00efdara, Machado, Medina, Wooh \u2013 Boli, Cahuzac, Doucour\u00e9, Fofana, Frankowski, Kakuta, Pereira Da Costa \u2013 Ganago, Jean, Kalimuendo, Sa\u00efd, Sotoca.<\/p>\n\n\n\n<p>Cela va plut\u00f4t bien du c\u00f4t\u00e9 de l&rsquo;infirmerie lensoise, cela permet ainsi \u00e0 Franck Ha\u00efse d&rsquo;\u00e9largir son groupe \u00e0 23 joueurs. Il faut dire qu&rsquo;avec trois matches en une semaine et quelques incertitudes quand m\u00eame dans son groupe, il est pr\u00e9f\u00e9rable de ne pas trop se limiter\u2026 <\/p>\n\n\n\n<p><strong>Pour le RC Strasbourg<\/strong> :<br>Matz Sels, Eiji Kawashima \u2013 Fr\u00e9d\u00e9ric Guilbert, Karol Fila, Lucas Perrin, Anthony Caci, Gerzino Nyamsi, Maxime Le Marchand, Alexander Djiku \u2013 Jean-Eudes Aholou, Adrien Thomasson, Dimitri Li\u00e9nard, Sanjin Prcic, Maham\u00e9 Siby, Ibrahima Sissoko, Aymeric Ahmed, Habib Diarra, Nordine Kandil \u2013 Majeed Waris, K\u00e9vin Gameiro, Habib Diallo, Ludovic Ajorque.<\/p>\n\n\n\n<p>Les forfaits sont Mo\u00efse Sahi et l&rsquo;ancien lensois Jeanricner Bellegarde. Lebo Mothiba est en phase de reprise.<\/p>\n\n\n\n<p><strong>Les arbitres<\/strong> :<br>L&rsquo;arbitre principal de la rencontre sera J\u00e9r\u00e9my STINAT. Ses arbitres assistants seront Julien AUBE et Brice PARINET LE TELLIER. Le 4e arbitre sera R\u00e9mi LANDRY. Et pour les arbitres assistants vid\u00e9o : Hakim BEN EL HADJ et William LAVIS.<\/p>\n","protected":false},"excerpt":{"rendered":"<p>Voici les groupes convoqu\u00e9s pour le match de la 7e journ\u00e9e de Ligue 1 Uber Eats qui opposera les deux Racing, celui de Lens face \u00e0 Strasbourg ce mercredi \u00e0 partir de 21h&#8230; Pour le RC Lens :Leca, Farinez, Pandor \u2013 Boura, Clauss, Danso, Gradit, Ha\u00efdara, Machado, Medina, Wooh \u2013 Boli, Cahuzac, Doucour\u00e9, Fofana, Frankowski, &hellip; <a href=\"https:\/\/www.sitercl.com\/News\/?p=6002\" class=\"more-link\">Continuer la lecture<span class=\"screen-reader-text\"> de &laquo;&nbsp;Les groupes pour Lens &#8211; Strasbourg&nbsp;&raquo;<\/span><\/a><\/p>\n","protected":false},"author":2,"featured_media":0,"comment_status":"closed","ping_status":"open","sticky":false,"template":"","format":"standard","meta":{"footnotes":""},"categories":[2],"tags":[11,151,188],"class_list":["post-6002","post","type-post","status-publish","format-standard","hentry","category-infos","tag-groupes","tag-ligue-1","tag-strasbourg"],"_links":{"self":[{"href":"https:\/\/www.sitercl.com\/News\/index.php?rest_route=\/wp\/v2\/posts\/6002","targetHints":{"allow":["GET"]}}],"collection":[{"href":"https:\/\/www.sitercl.com\/News\/index.php?rest_route=\/wp\/v2\/posts"}],"about":[{"href":"https:\/\/www.sitercl.com\/News\/index.php?rest_route=\/wp\/v2\/types\/post"}],"author":[{"embeddable":true,"href":"https:\/\/www.sitercl.com\/News\/index.php?rest_route=\/wp\/v2\/users\/2"}],"replies":[{"embeddable":true,"href":"https:\/\/www.sitercl.com\/News\/index.php?rest_route=%2Fwp%2Fv2%2Fcomments&post=6002"}],"version-history":[{"count":2,"href":"https:\/\/www.sitercl.com\/News\/index.php?rest_route=\/wp\/v2\/posts\/6002\/revisions"}],"predecessor-version":[{"id":6012,"href":"https:\/\/www.sitercl.com\/News\/index.php?rest_route=\/wp\/v2\/posts\/6002\/revisions\/6012"}],"wp:attachment":[{"href":"https:\/\/www.sitercl.com\/News\/index.php?rest_route=%2Fwp%2Fv2%2Fmedia&parent=6002"}],"wp:term":[{"taxonomy":"category","embeddable":true,"href":"https:\/\/www.sitercl.com\/News\/index.php?rest_route=%2Fwp%2Fv2%2Fcategories&post=6002"},{"taxonomy":"post_tag","embeddable":true,"href":"https:\/\/www.sitercl.com\/News\/index.php?rest_route=%2Fwp%2Fv2%2Ftags&post=6002"}],"curies":[{"name":"wp","href":"https:\/\/api.w.org\/{rel}","templated":true}]}}